{"id":11206,"date":"2021-07-19T13:30:57","date_gmt":"2021-07-19T10:30:57","guid":{"rendered":"http:\/\/www.sportomokykla.lt\/?p=11206"},"modified":"2021-07-19T13:30:58","modified_gmt":"2021-07-19T10:30:58","slug":"udany-start-przedstawicieli-rejonu-wilenskiego-na-i-edycji-pucharu-litwy-na-nartorolkach-w-oniksztach","status":"publish","type":"post","link":"https:\/\/www.sportomokykla.lt\/?p=11206&lang=pl","title":{"rendered":"Udany start przedstawicieli rejonu Wile\u0144skiego na I edycji Pucharu Litwy na nartorolkach w Oniksztach"},"content":{"rendered":"\n<p>11 lipca na kartingowej trasie w Oniksztach odby\u0142y si\u0119 zawody I edycji Pucharu Litwy w nartorolkach, w kt\u00f3rych wzi\u0119\u0142o udzia\u0142 prawie 60 narciarzy z Onikszt, Ignaliny, Wisagini, Wilna, Niemenczyna i Uciany, w tym 13 wychowank\u00f3w Szko\u0142y Sportowej Samorz\u0105du Rejonu Wile\u0144skiego.<\/p>\n\n\n\n<p>Narciarze rywalizowali w sprincie na dystansach 0,8 i 1 km. W zawodach bardzo dobrze wyst\u0105pili wychowankowie Szko\u0142y Sportowej Samorz\u0105du Rejonu Wile\u0144skiego, zdobywaj\u0105c 3 z\u0142ote, 3 srebrne i 1 br\u0105zowy medal.<\/p>\n\n\n\n<p>Najpierw odbyli si\u0119 zawody kwalifikacyjne w poszczeg\u00f3lnych grupach wiekowych ze startu rozdzielnego. Nast\u0119pnie odby\u0142y si\u0119 1\/4 fina\u0142u, do kt\u00f3rego zakwalifikowali si\u0119 11 przedstawicieli Rejonu Wile\u0144skiego. A w p\u00f3\u0142finale wystartowa\u0142o po 8 najlepszych zawodnik\u00f3w z ka\u017cdej grupy, w tym 8 przedstawicieli rejonu sto\u0142ecznego.<\/p>\n\n\n\n<p>W p\u00f3\u0142finale startuj\u0105c czw\u00f3rkami ze startu wsp\u00f3lnego po dwoje najlepszych trafia\u0142o do fina\u0142u. Tu mieli\u015bmy tylko jedn\u0105 strat\u0119 \u2013 Gabriela Buchowska zaj\u0119\u0142a 3 miejsce i nie trafi\u0142a do fina\u0142u. W grupie dziewcz\u0105t 2008 r. ur. i m\u0142odsze Mi\u0142a Sienkiewicz zaj\u0119\u0142a 1 miejsce, Milena Bernatowicz po starcie upad\u0142a, odnosz\u0105c urazy kolan i \u0142okcia, ale pojecha\u0142a szybko i na mecie by\u0142a 2 i obie dziewczynki trafi\u0142y do fina\u0142u, uzyskuj\u0105c szans\u0119 walczy\u0107 o medale. W fina\u0142owym wy\u015bcigu Mi\u0142a Sienkiewicz od razu wysz\u0142a na prowadzenie sprintu na dystansie 800 m. Milena Bernatowicz pojecha\u0142a tu\u017c za ni\u0105 i po pokonaniu 600 m dystansu Mi\u0142a prowadzi\u0142a z 20-metrow\u0105 przewag\u0105 przed Milen\u0105, ale na ostrym skr\u0119cie upad\u0142a, przepuszczaj\u0105c do przodu Milen\u0119 Bernatowicz, kt\u00f3ra zaj\u0119\u0142a 1 miejsce, zdobywaj\u0105c z\u0142oty medal i puchar miasta Onikszty. Mi\u0142a Sienkiewicz szybko wr\u00f3ci\u0142a do wy\u015bcigu, bardzo mocno pojecha\u0142a ostatnie 100 metr\u00f3w i na mecie zaj\u0119\u0142a 2 miejsce, zdobywaj\u0105c srebrny medal Pucharu Litwy. W tej samej grupie wiekowej ch\u0142opc\u00f3w \u0141ukasz Mincewicz stoczy\u0142 ostr\u0105 walk\u0119 o zwyci\u0119stwo z przedstawicielem Wilna i ust\u0105pi\u0142 5 metr\u00f3w na mecie, zdobywaj\u0105c srebrny medal. W grupie wiekowej 2006-2007 r. ur. Emilia Mincewicz startowa\u0142a na dystansie 1 km. Emilia od samego pocz\u0105tku wysz\u0142a na prowadzenie i z du\u017c\u0105 przewag\u0105 zwyci\u0119\u017cy\u0142a, zdobywaj\u0105c z\u0142oty medal i puchar miasta Onikszty. W tej samej grupie wiekowej ch\u0142opc\u00f3w na starcie stan\u0119li Daniel Buchowski i Damian Rynkiewicz. Daniel od startu prowadzi\u0142 i zdecydowanie zwyci\u0119\u017cy\u0142, zdobywaj\u0105c z\u0142oty medal i puchar miasta Onikszty. Damian stoczy\u0142 ostr\u0105 walk\u0119 o drugie miejsce z przedstawicielem Wilna, ale za 150 m do mety z\u0142ama\u0142 kijek i na mecie by\u0142 minimalne gorszy, zajmuj\u0105c 3 miejsce. A\u0142an Kaszperow w grupie wiekowej ch\u0142opc\u00f3w 2004-2005 r. ur. finiszowa\u0142 na 2 miejscu, zdobywaj\u0105c srebrny medal i puchar miasta Onikszty.<\/p>\n\n\n\n<p>Zdobywcy 1-3 miejsc zostali nagrodzeni medalami, pucharami i od miejscowego motoklubu 10 minutow\u0105 jazd\u0119 na kartingach. &nbsp;&nbsp;&nbsp;&nbsp;<\/p>\n\n\n\n<p>Zawody w sprincie by\u0142y zaliczane do generalnej klasyfikacji Pucharu Litwy w narciarstwie. 2 edycja Pucharu Litwy odb\u0119dzie si\u0119 21 sierpnia w Niemenczynie, narciarze b\u0119d\u0105 rywalizowali na dystansach od 2 do 10 km stylem klasycznym.<\/p>\n\n\n\n<p>Gratulujemy naszym narciarzom i \u017cyczymy udanych start\u00f3w w przysz\u0142o\u015bci.<\/p>\n\n\n\n<p class=\"has-text-align-right\">Dyrektor Szko\u0142y Sportowej<\/p>\n\n\n\n<p class=\"has-text-align-right\">Samorz\u0105du Rejonu Wile\u0144skiego<\/p>\n\n\n\n<p class=\"has-text-align-right\">Marian Kaczanowski<\/p>\n\n\n\n<figure class=\"wp-block-gallery columns-3 is-cropped wp-block-gallery-1 is-layout-flex wp-block-gallery-is-layout-flex\"><ul class=\"blocks-gallery-grid\"><li class=\"blocks-gallery-item\"><figure><a href=\"http:\/\/www.sportomokykla.lt\/vrssm\/wp\/wp-content\/uploads\/2021\/07\/IMG_1154-1.jpg\"><img loading=\"lazy\" decoding=\"async\" width=\"1024\" height=\"768\" src=\"http:\/\/www.sportomokykla.lt\/vrssm\/wp\/wp-content\/uploads\/2021\/07\/IMG_1154-1-1024x768.jpg\" alt=\"\" data-id=\"11208\" data-full-url=\"http:\/\/www.sportomokykla.lt\/vrssm\/wp\/wp-content\/uploads\/2021\/07\/IMG_1154-1.jpg\" data-link=\"http:\/\/www.sportomokykla.lt\/?attachment_id=11208\" class=\"wp-image-11208\" srcset=\"https:\/\/www.sportomokykla.lt\/vrssm\/wp\/wp-content\/uploads\/2021\/07\/IMG_1154-1-1024x768.jpg 1024w, https:\/\/www.sportomokykla.lt\/vrssm\/wp\/wp-content\/uploads\/2021\/07\/IMG_1154-1-300x225.jpg 300w, https:\/\/www.sportomokykla.lt\/vrssm\/wp\/wp-content\/uploads\/2021\/07\/IMG_1154-1-768x576.jpg 768w, https:\/\/www.sportomokykla.lt\/vrssm\/wp\/wp-content\/uploads\/2021\/07\/IMG_1154-1.jpg 1200w\" sizes=\"auto, (max-width: 1024px) 100vw, 1024px\" \/><\/a><\/figure><\/li><li class=\"blocks-gallery-item\"><figure><a href=\"http:\/\/www.sportomokykla.lt\/vrssm\/wp\/wp-content\/uploads\/2021\/07\/IMG_1155-1.jpg\"><img loading=\"lazy\" decoding=\"async\" width=\"1024\" height=\"768\" src=\"http:\/\/www.sportomokykla.lt\/vrssm\/wp\/wp-content\/uploads\/2021\/07\/IMG_1155-1-1024x768.jpg\" alt=\"\" data-id=\"11209\" data-full-url=\"http:\/\/www.sportomokykla.lt\/vrssm\/wp\/wp-content\/uploads\/2021\/07\/IMG_1155-1.jpg\" data-link=\"http:\/\/www.sportomokykla.lt\/?attachment_id=11209\" class=\"wp-image-11209\" srcset=\"https:\/\/www.sportomokykla.lt\/vrssm\/wp\/wp-content\/uploads\/2021\/07\/IMG_1155-1-1024x768.jpg 1024w, https:\/\/www.sportomokykla.lt\/vrssm\/wp\/wp-content\/uploads\/2021\/07\/IMG_1155-1-300x225.jpg 300w, https:\/\/www.sportomokykla.lt\/vrssm\/wp\/wp-content\/uploads\/2021\/07\/IMG_1155-1-768x576.jpg 768w, https:\/\/www.sportomokykla.lt\/vrssm\/wp\/wp-content\/uploads\/2021\/07\/IMG_1155-1.jpg 1200w\" sizes=\"auto, (max-width: 1024px) 100vw, 1024px\" \/><\/a><\/figure><\/li><li class=\"blocks-gallery-item\"><figure><a href=\"http:\/\/www.sportomokykla.lt\/vrssm\/wp\/wp-content\/uploads\/2021\/07\/IMG_1156-1.jpg\"><img loading=\"lazy\" decoding=\"async\" width=\"1024\" height=\"768\" src=\"http:\/\/www.sportomokykla.lt\/vrssm\/wp\/wp-content\/uploads\/2021\/07\/IMG_1156-1-1024x768.jpg\" alt=\"\" data-id=\"11210\" data-full-url=\"http:\/\/www.sportomokykla.lt\/vrssm\/wp\/wp-content\/uploads\/2021\/07\/IMG_1156-1.jpg\" data-link=\"http:\/\/www.sportomokykla.lt\/?attachment_id=11210\" class=\"wp-image-11210\" srcset=\"https:\/\/www.sportomokykla.lt\/vrssm\/wp\/wp-content\/uploads\/2021\/07\/IMG_1156-1-1024x768.jpg 1024w, https:\/\/www.sportomokykla.lt\/vrssm\/wp\/wp-content\/uploads\/2021\/07\/IMG_1156-1-300x225.jpg 300w, https:\/\/www.sportomokykla.lt\/vrssm\/wp\/wp-content\/uploads\/2021\/07\/IMG_1156-1-768x576.jpg 768w, https:\/\/www.sportomokykla.lt\/vrssm\/wp\/wp-content\/uploads\/2021\/07\/IMG_1156-1.jpg 1200w\" sizes=\"auto, (max-width: 1024px) 100vw, 1024px\" \/><\/a><\/figure><\/li><li class=\"blocks-gallery-item\"><figure><a href=\"http:\/\/www.sportomokykla.lt\/vrssm\/wp\/wp-content\/uploads\/2021\/07\/IMG_1159-1.jpg\"><img loading=\"lazy\" decoding=\"async\" width=\"1024\" height=\"768\" src=\"http:\/\/www.sportomokykla.lt\/vrssm\/wp\/wp-content\/uploads\/2021\/07\/IMG_1159-1-1024x768.jpg\" alt=\"\" data-id=\"11211\" data-full-url=\"http:\/\/www.sportomokykla.lt\/vrssm\/wp\/wp-content\/uploads\/2021\/07\/IMG_1159-1.jpg\" data-link=\"http:\/\/www.sportomokykla.lt\/?attachment_id=11211\" class=\"wp-image-11211\" srcset=\"https:\/\/www.sportomokykla.lt\/vrssm\/wp\/wp-content\/uploads\/2021\/07\/IMG_1159-1-1024x768.jpg 1024w, https:\/\/www.sportomokykla.lt\/vrssm\/wp\/wp-content\/uploads\/2021\/07\/IMG_1159-1-300x225.jpg 300w, https:\/\/www.sportomokykla.lt\/vrssm\/wp\/wp-content\/uploads\/2021\/07\/IMG_1159-1-768x576.jpg 768w, https:\/\/www.sportomokykla.lt\/vrssm\/wp\/wp-content\/uploads\/2021\/07\/IMG_1159-1.jpg 1200w\" sizes=\"auto, (max-width: 1024px) 100vw, 1024px\" \/><\/a><\/figure><\/li><li class=\"blocks-gallery-item\"><figure><a href=\"http:\/\/www.sportomokykla.lt\/vrssm\/wp\/wp-content\/uploads\/2021\/07\/IMG_1160-1.jpg\"><img loading=\"lazy\" decoding=\"async\" width=\"1024\" height=\"768\" src=\"http:\/\/www.sportomokykla.lt\/vrssm\/wp\/wp-content\/uploads\/2021\/07\/IMG_1160-1-1024x768.jpg\" alt=\"\" data-id=\"11212\" data-full-url=\"http:\/\/www.sportomokykla.lt\/vrssm\/wp\/wp-content\/uploads\/2021\/07\/IMG_1160-1.jpg\" data-link=\"http:\/\/www.sportomokykla.lt\/?attachment_id=11212\" class=\"wp-image-11212\" srcset=\"https:\/\/www.sportomokykla.lt\/vrssm\/wp\/wp-content\/uploads\/2021\/07\/IMG_1160-1-1024x768.jpg 1024w, https:\/\/www.sportomokykla.lt\/vrssm\/wp\/wp-content\/uploads\/2021\/07\/IMG_1160-1-300x225.jpg 300w, https:\/\/www.sportomokykla.lt\/vrssm\/wp\/wp-content\/uploads\/2021\/07\/IMG_1160-1-768x576.jpg 768w, https:\/\/www.sportomokykla.lt\/vrssm\/wp\/wp-content\/uploads\/2021\/07\/IMG_1160-1.jpg 1200w\" sizes=\"auto, (max-width: 1024px) 100vw, 1024px\" \/><\/a><\/figure><\/li><li class=\"blocks-gallery-item\"><figure><a href=\"http:\/\/www.sportomokykla.lt\/vrssm\/wp\/wp-content\/uploads\/2021\/07\/IMG_1166-1.jpg\"><img loading=\"lazy\" decoding=\"async\" width=\"1024\" height=\"768\" src=\"http:\/\/www.sportomokykla.lt\/vrssm\/wp\/wp-content\/uploads\/2021\/07\/IMG_1166-1-1024x768.jpg\" alt=\"\" data-id=\"11213\" data-full-url=\"http:\/\/www.sportomokykla.lt\/vrssm\/wp\/wp-content\/uploads\/2021\/07\/IMG_1166-1.jpg\" data-link=\"http:\/\/www.sportomokykla.lt\/?attachment_id=11213\" class=\"wp-image-11213\" srcset=\"https:\/\/www.sportomokykla.lt\/vrssm\/wp\/wp-content\/uploads\/2021\/07\/IMG_1166-1-1024x768.jpg 1024w, https:\/\/www.sportomokykla.lt\/vrssm\/wp\/wp-content\/uploads\/2021\/07\/IMG_1166-1-300x225.jpg 300w, https:\/\/www.sportomokykla.lt\/vrssm\/wp\/wp-content\/uploads\/2021\/07\/IMG_1166-1-768x576.jpg 768w, https:\/\/www.sportomokykla.lt\/vrssm\/wp\/wp-content\/uploads\/2021\/07\/IMG_1166-1.jpg 1200w\" sizes=\"auto, (max-width: 1024px) 100vw, 1024px\" \/><\/a><\/figure><\/li><li class=\"blocks-gallery-item\"><figure><a href=\"http:\/\/www.sportomokykla.lt\/vrssm\/wp\/wp-content\/uploads\/2021\/07\/IMG_1168-1.jpg\"><img loading=\"lazy\" decoding=\"async\" width=\"1024\" height=\"768\" src=\"http:\/\/www.sportomokykla.lt\/vrssm\/wp\/wp-content\/uploads\/2021\/07\/IMG_1168-1-1024x768.jpg\" alt=\"\" data-id=\"11214\" data-full-url=\"http:\/\/www.sportomokykla.lt\/vrssm\/wp\/wp-content\/uploads\/2021\/07\/IMG_1168-1.jpg\" data-link=\"http:\/\/www.sportomokykla.lt\/?attachment_id=11214\" class=\"wp-image-11214\" srcset=\"https:\/\/www.sportomokykla.lt\/vrssm\/wp\/wp-content\/uploads\/2021\/07\/IMG_1168-1-1024x768.jpg 1024w, https:\/\/www.sportomokykla.lt\/vrssm\/wp\/wp-content\/uploads\/2021\/07\/IMG_1168-1-300x225.jpg 300w, https:\/\/www.sportomokykla.lt\/vrssm\/wp\/wp-content\/uploads\/2021\/07\/IMG_1168-1-768x576.jpg 768w, https:\/\/www.sportomokykla.lt\/vrssm\/wp\/wp-content\/uploads\/2021\/07\/IMG_1168-1.jpg 1200w\" sizes=\"auto, (max-width: 1024px) 100vw, 1024px\" \/><\/a><\/figure><\/li><li class=\"blocks-gallery-item\"><figure><a href=\"http:\/\/www.sportomokykla.lt\/vrssm\/wp\/wp-content\/uploads\/2021\/07\/IMG_1170-1.jpg\"><img loading=\"lazy\" decoding=\"async\" width=\"1024\" height=\"768\" src=\"http:\/\/www.sportomokykla.lt\/vrssm\/wp\/wp-content\/uploads\/2021\/07\/IMG_1170-1-1024x768.jpg\" alt=\"\" data-id=\"11215\" data-full-url=\"http:\/\/www.sportomokykla.lt\/vrssm\/wp\/wp-content\/uploads\/2021\/07\/IMG_1170-1.jpg\" data-link=\"http:\/\/www.sportomokykla.lt\/?attachment_id=11215\" class=\"wp-image-11215\" srcset=\"https:\/\/www.sportomokykla.lt\/vrssm\/wp\/wp-content\/uploads\/2021\/07\/IMG_1170-1-1024x768.jpg 1024w, https:\/\/www.sportomokykla.lt\/vrssm\/wp\/wp-content\/uploads\/2021\/07\/IMG_1170-1-300x225.jpg 300w, https:\/\/www.sportomokykla.lt\/vrssm\/wp\/wp-content\/uploads\/2021\/07\/IMG_1170-1-768x576.jpg 768w, https:\/\/www.sportomokykla.lt\/vrssm\/wp\/wp-content\/uploads\/2021\/07\/IMG_1170-1.jpg 1200w\" sizes=\"auto, (max-width: 1024px) 100vw, 1024px\" \/><\/a><\/figure><\/li><li class=\"blocks-gallery-item\"><figure><a href=\"http:\/\/www.sportomokykla.lt\/vrssm\/wp\/wp-content\/uploads\/2021\/07\/IMG_1172-1.jpg\"><img loading=\"lazy\" decoding=\"async\" width=\"1024\" height=\"768\" src=\"http:\/\/www.sportomokykla.lt\/vrssm\/wp\/wp-content\/uploads\/2021\/07\/IMG_1172-1-1024x768.jpg\" alt=\"\" data-id=\"11216\" data-full-url=\"http:\/\/www.sportomokykla.lt\/vrssm\/wp\/wp-content\/uploads\/2021\/07\/IMG_1172-1.jpg\" data-link=\"http:\/\/www.sportomokykla.lt\/?attachment_id=11216\" class=\"wp-image-11216\" srcset=\"https:\/\/www.sportomokykla.lt\/vrssm\/wp\/wp-content\/uploads\/2021\/07\/IMG_1172-1-1024x768.jpg 1024w, https:\/\/www.sportomokykla.lt\/vrssm\/wp\/wp-content\/uploads\/2021\/07\/IMG_1172-1-300x225.jpg 300w, https:\/\/www.sportomokykla.lt\/vrssm\/wp\/wp-content\/uploads\/2021\/07\/IMG_1172-1-768x576.jpg 768w, https:\/\/www.sportomokykla.lt\/vrssm\/wp\/wp-content\/uploads\/2021\/07\/IMG_1172-1.jpg 1200w\" sizes=\"auto, (max-width: 1024px) 100vw, 1024px\" \/><\/a><\/figure><\/li><\/ul><\/figure>\n","protected":false},"excerpt":{"rendered":"<p>11 lipca na kartingowej trasie w Oniksztach odby\u0142y si\u0119 zawody I edycji Pucharu Litwy w nartorolkach, w kt\u00f3rych wzi\u0119\u0142o udzia\u0142 prawie 60 narciarzy z Onikszt, Ignaliny, Wisagini, Wilna, Niemenczyna i Uciany, w tym 13 wychowank\u00f3w Szko\u0142y Sportowej Samorz\u0105du Rejonu Wile\u0144skiego. Narciarze rywalizowali w sprincie na dystansach 0,8 i 1 km. W zawodach bardzo dobrze wyst\u0105pili [&hellip;]<\/p>\n","protected":false},"author":1,"featured_media":11195,"comment_status":"closed","ping_status":"closed","sticky":false,"template":"","format":"standard","meta":{"footnotes":""},"categories":[7,105],"tags":[],"class_list":["post-11206","post","type-post","status-publish","format-standard","has-post-thumbnail","hentry","category-aktualia","category-puchary"],"_links":{"self":[{"href":"https:\/\/www.sportomokykla.lt\/index.php?rest_route=\/wp\/v2\/posts\/11206","targetHints":{"allow":["GET"]}}],"collection":[{"href":"https:\/\/www.sportomokykla.lt\/index.php?rest_route=\/wp\/v2\/posts"}],"about":[{"href":"https:\/\/www.sportomokykla.lt\/index.php?rest_route=\/wp\/v2\/types\/post"}],"author":[{"embeddable":true,"href":"https:\/\/www.sportomokykla.lt\/index.php?rest_route=\/wp\/v2\/users\/1"}],"replies":[{"embeddable":true,"href":"https:\/\/www.sportomokykla.lt\/index.php?rest_route=%2Fwp%2Fv2%2Fcomments&post=11206"}],"version-history":[{"count":1,"href":"https:\/\/www.sportomokykla.lt\/index.php?rest_route=\/wp\/v2\/posts\/11206\/revisions"}],"predecessor-version":[{"id":11217,"href":"https:\/\/www.sportomokykla.lt\/index.php?rest_route=\/wp\/v2\/posts\/11206\/revisions\/11217"}],"wp:featuredmedia":[{"embeddable":true,"href":"https:\/\/www.sportomokykla.lt\/index.php?rest_route=\/wp\/v2\/media\/11195"}],"wp:attachment":[{"href":"https:\/\/www.sportomokykla.lt\/index.php?rest_route=%2Fwp%2Fv2%2Fmedia&parent=11206"}],"wp:term":[{"taxonomy":"category","embeddable":true,"href":"https:\/\/www.sportomokykla.lt\/index.php?rest_route=%2Fwp%2Fv2%2Fcategories&post=11206"},{"taxonomy":"post_tag","embeddable":true,"href":"https:\/\/www.sportomokykla.lt\/index.php?rest_route=%2Fwp%2Fv2%2Ftags&post=11206"}],"curies":[{"name":"wp","href":"https:\/\/api.w.org\/{rel}","templated":true}]}}