{"id":12022,"date":"2021-12-09T19:41:26","date_gmt":"2021-12-09T17:41:26","guid":{"rendered":"https:\/\/www.sportomokykla.lt\/?p=12022"},"modified":"2021-12-09T19:41:27","modified_gmt":"2021-12-09T17:41:27","slug":"szkola-sportowa-samorzadu-rejonu-wilenskiego-laureatem-nagrody-za-zaslugi-dla-sportu-polonijnego","status":"publish","type":"post","link":"https:\/\/www.sportomokykla.lt\/?p=12022&lang=pl","title":{"rendered":"Szko\u0142a Sportowa Samorz\u0105du Rejonu Wile\u0144skiego laureatem nagrody \u201eZa zas\u0142ugi dla sportu polonijnego\u201d"},"content":{"rendered":"\n<p>3 grudnia w Polskim Komitecie Olimpijskim w Warszawie przez Stowarzyszenie \u201eWsp\u00f3lnota Polska\u201d zosta\u0142a zorganizowana konferencja \u201ePolska-Polonia \u2013 nowe p\u0142aszczyzny wsp\u00f3\u0142pracy\u201d.<\/p>\n\n\n\n<p>Konferencj\u0119 otworzy\u0142 Andrzej Kra\u015bnicki \u2013 Prezes Polskiego Komitetu Olimpijskiego. Nast\u0119pnie przemawiali Henryk Kowalczyk \u2013 Wiceprezes Rady Ministr\u00f3w; Dariusz Piotr Bonis\u0142awski \u2013 Prezes Stowarzyszenia Wsp\u00f3lnota Polska; Ambasador dr. Witold Rybczy\u0144ski \u2013 Przewodnicz\u0105cy Komisji wsp\u00f3\u0142pracy z Poloni\u0105 i PKOl i Komisji Sportu i Turystyki Stowarzyszenia \u201eWsp\u00f3lnota Polska\u201d.<\/p>\n\n\n\n<p>Konferencja podsumowa\u0142a dotychczasowe osi\u0105gni\u0119cia i nowe perspektywy, a tak\u017ce uhonorowania zas\u0142u\u017conych dla rozwoju idei polonijnego sportu. Jedn\u0105 z czterech przyznanych nominacji \u201eZa zas\u0142ugi dla sportu polonijnego\u201d odebra\u0142a nasza szko\u0142a w kategorii \u201eInstytucja dzia\u0142aj\u0105ca na rzecz sportu polonijnego\u201d.<\/p>\n\n\n\n<p>To wysokie wyr\u00f3\u017cnienie jest zas\u0142ug\u0105 ca\u0142ego naszego kolektywu \u2013 administracji, nauczycieli i pracownik\u00f3w szko\u0142y. Szko\u0142a organizowa\u0142a i aktywnie uczestniczy\u0142a w imprezach sportowych, po\u015bwi\u0119conych pami\u0119tnym datom Polski. Nasi uczniowie aktywnie brali udzia\u0142 w polonijnych imprezach sportowych oraz Igrzyskach w Polsce, wielokrotnie staj\u0105c na podium w zawodach indywidualnych i zespo\u0142owych. Najaktywniej do tej nominacji przyczynili si\u0119 nauczyciele Waldemar Szumski, Rados\u0142aw Aleksandrow, Arnold Lepiochin, Zbigniew Sinkiewicz.<\/p>\n\n\n\n<p>Dzi\u0119kuj\u0119 wszystkim, kto b\u0105d\u017a w jaki spos\u00f3b przyczyni\u0142 si\u0119 do tak wysokiego wyr\u00f3\u017cnienia naszej plac\u00f3wki.<\/p>\n\n\n\n<p class=\"has-text-align-right\">Dyrektor Szko\u0142y Sportowej<\/p>\n\n\n\n<p class=\"has-text-align-right\">Samorz\u0105du Rejonu Wile\u0144skiego<\/p>\n\n\n\n<p class=\"has-text-align-right\">Marian Kaczanowski<\/p>\n\n\n\n<figure class=\"wp-block-gallery aligncenter columns-4 is-cropped wp-block-gallery-1 is-layout-flex wp-block-gallery-is-layout-flex\"><ul class=\"blocks-gallery-grid\"><li class=\"blocks-gallery-item\"><figure><a href=\"https:\/\/www.sportomokykla.lt\/vrssm\/wp\/wp-content\/uploads\/2021\/12\/IMG_20211203_130510_0.jpg\"><img loading=\"lazy\" decoding=\"async\" width=\"1024\" height=\"768\" src=\"https:\/\/www.sportomokykla.lt\/vrssm\/wp\/wp-content\/uploads\/2021\/12\/IMG_20211203_130510_0-1024x768.jpg\" alt=\"\" data-id=\"12023\" data-full-url=\"https:\/\/www.sportomokykla.lt\/vrssm\/wp\/wp-content\/uploads\/2021\/12\/IMG_20211203_130510_0.jpg\" data-link=\"https:\/\/www.sportomokykla.lt\/?attachment_id=12023\" class=\"wp-image-12023\" srcset=\"https:\/\/www.sportomokykla.lt\/vrssm\/wp\/wp-content\/uploads\/2021\/12\/IMG_20211203_130510_0-1024x768.jpg 1024w, https:\/\/www.sportomokykla.lt\/vrssm\/wp\/wp-content\/uploads\/2021\/12\/IMG_20211203_130510_0-300x225.jpg 300w, https:\/\/www.sportomokykla.lt\/vrssm\/wp\/wp-content\/uploads\/2021\/12\/IMG_20211203_130510_0-768x576.jpg 768w, https:\/\/www.sportomokykla.lt\/vrssm\/wp\/wp-content\/uploads\/2021\/12\/IMG_20211203_130510_0.jpg 1200w\" sizes=\"auto, (max-width: 1024px) 100vw, 1024px\" \/><\/a><\/figure><\/li><li class=\"blocks-gallery-item\"><figure><a href=\"https:\/\/www.sportomokykla.lt\/vrssm\/wp\/wp-content\/uploads\/2021\/12\/IMG_20211203_130541_9.jpg\"><img loading=\"lazy\" decoding=\"async\" width=\"768\" height=\"1024\" src=\"https:\/\/www.sportomokykla.lt\/vrssm\/wp\/wp-content\/uploads\/2021\/12\/IMG_20211203_130541_9-768x1024.jpg\" alt=\"\" data-id=\"12024\" data-full-url=\"https:\/\/www.sportomokykla.lt\/vrssm\/wp\/wp-content\/uploads\/2021\/12\/IMG_20211203_130541_9.jpg\" data-link=\"https:\/\/www.sportomokykla.lt\/?attachment_id=12024\" class=\"wp-image-12024\" srcset=\"https:\/\/www.sportomokykla.lt\/vrssm\/wp\/wp-content\/uploads\/2021\/12\/IMG_20211203_130541_9-768x1024.jpg 768w, https:\/\/www.sportomokykla.lt\/vrssm\/wp\/wp-content\/uploads\/2021\/12\/IMG_20211203_130541_9-225x300.jpg 225w, https:\/\/www.sportomokykla.lt\/vrssm\/wp\/wp-content\/uploads\/2021\/12\/IMG_20211203_130541_9-1152x1536.jpg 1152w, https:\/\/www.sportomokykla.lt\/vrssm\/wp\/wp-content\/uploads\/2021\/12\/IMG_20211203_130541_9.jpg 1200w\" sizes=\"auto, (max-width: 768px) 100vw, 768px\" \/><\/a><\/figure><\/li><li class=\"blocks-gallery-item\"><figure><a href=\"https:\/\/www.sportomokykla.lt\/vrssm\/wp\/wp-content\/uploads\/2021\/12\/IMG_20211203_140103_8.jpg\"><img loading=\"lazy\" decoding=\"async\" width=\"768\" height=\"1024\" src=\"https:\/\/www.sportomokykla.lt\/vrssm\/wp\/wp-content\/uploads\/2021\/12\/IMG_20211203_140103_8-768x1024.jpg\" alt=\"\" data-id=\"12025\" data-full-url=\"https:\/\/www.sportomokykla.lt\/vrssm\/wp\/wp-content\/uploads\/2021\/12\/IMG_20211203_140103_8.jpg\" data-link=\"https:\/\/www.sportomokykla.lt\/?attachment_id=12025\" class=\"wp-image-12025\" srcset=\"https:\/\/www.sportomokykla.lt\/vrssm\/wp\/wp-content\/uploads\/2021\/12\/IMG_20211203_140103_8-768x1024.jpg 768w, https:\/\/www.sportomokykla.lt\/vrssm\/wp\/wp-content\/uploads\/2021\/12\/IMG_20211203_140103_8-225x300.jpg 225w, https:\/\/www.sportomokykla.lt\/vrssm\/wp\/wp-content\/uploads\/2021\/12\/IMG_20211203_140103_8-1152x1536.jpg 1152w, https:\/\/www.sportomokykla.lt\/vrssm\/wp\/wp-content\/uploads\/2021\/12\/IMG_20211203_140103_8.jpg 1200w\" sizes=\"auto, (max-width: 768px) 100vw, 768px\" \/><\/a><\/figure><\/li><li class=\"blocks-gallery-item\"><figure><a href=\"https:\/\/www.sportomokykla.lt\/vrssm\/wp\/wp-content\/uploads\/2021\/12\/IMG_20211203_140146_1.jpg\"><img loading=\"lazy\" decoding=\"async\" width=\"768\" height=\"1024\" src=\"https:\/\/www.sportomokykla.lt\/vrssm\/wp\/wp-content\/uploads\/2021\/12\/IMG_20211203_140146_1-768x1024.jpg\" alt=\"\" data-id=\"12026\" data-full-url=\"https:\/\/www.sportomokykla.lt\/vrssm\/wp\/wp-content\/uploads\/2021\/12\/IMG_20211203_140146_1.jpg\" data-link=\"https:\/\/www.sportomokykla.lt\/?attachment_id=12026\" class=\"wp-image-12026\" srcset=\"https:\/\/www.sportomokykla.lt\/vrssm\/wp\/wp-content\/uploads\/2021\/12\/IMG_20211203_140146_1-768x1024.jpg 768w, https:\/\/www.sportomokykla.lt\/vrssm\/wp\/wp-content\/uploads\/2021\/12\/IMG_20211203_140146_1-225x300.jpg 225w, https:\/\/www.sportomokykla.lt\/vrssm\/wp\/wp-content\/uploads\/2021\/12\/IMG_20211203_140146_1-1152x1536.jpg 1152w, https:\/\/www.sportomokykla.lt\/vrssm\/wp\/wp-content\/uploads\/2021\/12\/IMG_20211203_140146_1.jpg 1200w\" sizes=\"auto, (max-width: 768px) 100vw, 768px\" \/><\/a><\/figure><\/li><\/ul><\/figure>\n","protected":false},"excerpt":{"rendered":"<p>3 grudnia w Polskim Komitecie Olimpijskim w Warszawie przez Stowarzyszenie \u201eWsp\u00f3lnota Polska\u201d zosta\u0142a zorganizowana konferencja \u201ePolska-Polonia \u2013 nowe p\u0142aszczyzny wsp\u00f3\u0142pracy\u201d. Konferencj\u0119 otworzy\u0142 Andrzej Kra\u015bnicki \u2013 Prezes Polskiego Komitetu Olimpijskiego. Nast\u0119pnie przemawiali Henryk Kowalczyk \u2013 Wiceprezes Rady Ministr\u00f3w; Dariusz Piotr Bonis\u0142awski \u2013 Prezes Stowarzyszenia Wsp\u00f3lnota Polska; Ambasador dr. Witold Rybczy\u0144ski \u2013 Przewodnicz\u0105cy Komisji wsp\u00f3\u0142pracy z Poloni\u0105 [&hellip;]<\/p>\n","protected":false},"author":1,"featured_media":12028,"comment_status":"closed","ping_status":"closed","sticky":false,"template":"","format":"standard","meta":{"footnotes":""},"categories":[7,31],"tags":[],"class_list":["post-12022","post","type-post","status-publish","format-standard","has-post-thumbnail","hentry","category-aktualia","category-imprezy"],"_links":{"self":[{"href":"https:\/\/www.sportomokykla.lt\/index.php?rest_route=\/wp\/v2\/posts\/12022","targetHints":{"allow":["GET"]}}],"collection":[{"href":"https:\/\/www.sportomokykla.lt\/index.php?rest_route=\/wp\/v2\/posts"}],"about":[{"href":"https:\/\/www.sportomokykla.lt\/index.php?rest_route=\/wp\/v2\/types\/post"}],"author":[{"embeddable":true,"href":"https:\/\/www.sportomokykla.lt\/index.php?rest_route=\/wp\/v2\/users\/1"}],"replies":[{"embeddable":true,"href":"https:\/\/www.sportomokykla.lt\/index.php?rest_route=%2Fwp%2Fv2%2Fcomments&post=12022"}],"version-history":[{"count":1,"href":"https:\/\/www.sportomokykla.lt\/index.php?rest_route=\/wp\/v2\/posts\/12022\/revisions"}],"predecessor-version":[{"id":12027,"href":"https:\/\/www.sportomokykla.lt\/index.php?rest_route=\/wp\/v2\/posts\/12022\/revisions\/12027"}],"wp:featuredmedia":[{"embeddable":true,"href":"https:\/\/www.sportomokykla.lt\/index.php?rest_route=\/wp\/v2\/media\/12028"}],"wp:attachment":[{"href":"https:\/\/www.sportomokykla.lt\/index.php?rest_route=%2Fwp%2Fv2%2Fmedia&parent=12022"}],"wp:term":[{"taxonomy":"category","embeddable":true,"href":"https:\/\/www.sportomokykla.lt\/index.php?rest_route=%2Fwp%2Fv2%2Fcategories&post=12022"},{"taxonomy":"post_tag","embeddable":true,"href":"https:\/\/www.sportomokykla.lt\/index.php?rest_route=%2Fwp%2Fv2%2Ftags&post=12022"}],"curies":[{"name":"wp","href":"https:\/\/api.w.org\/{rel}","templated":true}]}}