{"id":14589,"date":"2023-02-28T10:51:05","date_gmt":"2023-02-28T08:51:05","guid":{"rendered":"https:\/\/www.sportomokykla.lt\/?p=14589"},"modified":"2023-02-28T10:52:48","modified_gmt":"2023-02-28T08:52:48","slug":"krepsinio-varzybos-rudaminoje","status":"publish","type":"post","link":"https:\/\/www.sportomokykla.lt\/?p=14589&lang=lt","title":{"rendered":"Krep\u0161inio var\u017eybos Rudaminoje"},"content":{"rendered":"\n<p>2023 m. vasario 15 d., nepriklausomyb\u0117s dienos i\u0161vakar\u0117se, Rudaminos Ferdinando Ru\u0161\u010dico gimnazijoje, buvo organizuotos krep\u0161inio var\u017eybos. Var\u017eybose dalyvavo Ferdinando Ru\u0161\u010dico ir Ryto gimnazij\u0173 mokiniai, kaip \u0161eimininkai, o sve\u010di\u0173 komanda atvyko i\u0161 Suderv\u0117s&nbsp;Mariano Zdziechovskio&nbsp;pagrindin\u0117s&nbsp;mokyklos.<\/p>\n\n\n\n<p>Mokiniai var\u017e\u0117si estafet\u0117je, kur\u012f baig\u0117si lygiosiomis. Krep\u0161inio var\u017eybose \u0161eiminink\u0173 komanda nusileido sve\u010diams. <\/p>\n\n\n\n<p>Visi vaikai buvo apdovanoti Vilniaus rajono Nemen\u010din\u0117s sporto mokyklos medaliais. Netruko ir \u017ei\u016brov\u0173, kurie palaik\u0117 savo sportininkus.<\/p>\n\n\n\n<p class=\"has-text-align-right\">Vilniaus r. Nemen\u010din\u0117s sporto mokyklos<\/p>\n\n\n\n<p class=\"has-text-align-right\">krep\u0161inio mokytojas \u010ceslav Pocej<\/p>\n\n\n\n<figure class=\"wp-block-gallery aligncenter has-nested-images columns-5 is-cropped wp-block-gallery-1 is-layout-flex wp-block-gallery-is-layout-flex\">\n<figure class=\"wp-block-image size-thumbnail\"><a href=\"https:\/\/www.sportomokykla.lt\/vrssm\/wp\/wp-content\/uploads\/2023\/02\/IMG-5f10a0d7dae0dab1717cfba376f0d5ff-V.jpg\"><img loading=\"lazy\" decoding=\"async\" width=\"150\" height=\"150\" data-id=\"14590\" src=\"https:\/\/www.sportomokykla.lt\/vrssm\/wp\/wp-content\/uploads\/2023\/02\/IMG-5f10a0d7dae0dab1717cfba376f0d5ff-V-150x150.jpg\" alt=\"\" class=\"wp-image-14590\"\/><\/a><\/figure>\n\n\n\n<figure class=\"wp-block-image size-thumbnail\"><a href=\"https:\/\/www.sportomokykla.lt\/vrssm\/wp\/wp-content\/uploads\/2023\/02\/IMG-6a7bd6f2656d913f4407d85ce181f7cd-V.jpg\"><img loading=\"lazy\" decoding=\"async\" width=\"150\" height=\"150\" data-id=\"14591\" src=\"https:\/\/www.sportomokykla.lt\/vrssm\/wp\/wp-content\/uploads\/2023\/02\/IMG-6a7bd6f2656d913f4407d85ce181f7cd-V-150x150.jpg\" alt=\"\" class=\"wp-image-14591\"\/><\/a><\/figure>\n\n\n\n<figure class=\"wp-block-image size-thumbnail\"><a href=\"https:\/\/www.sportomokykla.lt\/vrssm\/wp\/wp-content\/uploads\/2023\/02\/IMG-8a9729a6de8e77c44306931fbcc5251e-V.jpg\"><img loading=\"lazy\" decoding=\"async\" width=\"150\" height=\"150\" data-id=\"14592\" src=\"https:\/\/www.sportomokykla.lt\/vrssm\/wp\/wp-content\/uploads\/2023\/02\/IMG-8a9729a6de8e77c44306931fbcc5251e-V-150x150.jpg\" alt=\"\" class=\"wp-image-14592\"\/><\/a><\/figure>\n\n\n\n<figure class=\"wp-block-image size-thumbnail\"><a href=\"https:\/\/www.sportomokykla.lt\/vrssm\/wp\/wp-content\/uploads\/2023\/02\/IMG-0336cefea55868594fdd0fc5d7109723-V.jpg\"><img loading=\"lazy\" decoding=\"async\" width=\"150\" height=\"150\" data-id=\"14593\" src=\"https:\/\/www.sportomokykla.lt\/vrssm\/wp\/wp-content\/uploads\/2023\/02\/IMG-0336cefea55868594fdd0fc5d7109723-V-150x150.jpg\" alt=\"\" class=\"wp-image-14593\"\/><\/a><\/figure>\n\n\n\n<figure class=\"wp-block-image size-thumbnail\"><a href=\"https:\/\/www.sportomokykla.lt\/vrssm\/wp\/wp-content\/uploads\/2023\/02\/IMG-87268315bdb44cde0ee7a32bd0b0b60d-V.jpg\"><img loading=\"lazy\" decoding=\"async\" width=\"150\" height=\"150\" data-id=\"14594\" src=\"https:\/\/www.sportomokykla.lt\/vrssm\/wp\/wp-content\/uploads\/2023\/02\/IMG-87268315bdb44cde0ee7a32bd0b0b60d-V-150x150.jpg\" alt=\"\" class=\"wp-image-14594\"\/><\/a><\/figure>\n<\/figure>\n","protected":false},"excerpt":{"rendered":"<p>2023 m. vasario 15 d., nepriklausomyb\u0117s dienos i\u0161vakar\u0117se, Rudaminos Ferdinando Ru\u0161\u010dico gimnazijoje, buvo organizuotos krep\u0161inio var\u017eybos. Var\u017eybose dalyvavo Ferdinando Ru\u0161\u010dico ir Ryto gimnazij\u0173 mokiniai, kaip \u0161eimininkai, o sve\u010di\u0173 komanda atvyko i\u0161 Suderv\u0117s&nbsp;Mariano Zdziechovskio&nbsp;pagrindin\u0117s&nbsp;mokyklos. Mokiniai var\u017e\u0117si estafet\u0117je, kur\u012f baig\u0117si lygiosiomis. Krep\u0161inio var\u017eybose \u0161eiminink\u0173 komanda nusileido sve\u010diams. Visi vaikai buvo apdovanoti Vilniaus rajono Nemen\u010din\u0117s sporto mokyklos medaliais. [&hellip;]<\/p>\n","protected":false},"author":1,"featured_media":14597,"comment_status":"closed","ping_status":"closed","sticky":false,"template":"","format":"standard","meta":{"footnotes":""},"categories":[1,9],"tags":[],"class_list":["post-14589","post","type-post","status-publish","format-standard","has-post-thumbnail","hentry","category-naujienos","category-varzybos"],"_links":{"self":[{"href":"https:\/\/www.sportomokykla.lt\/index.php?rest_route=\/wp\/v2\/posts\/14589","targetHints":{"allow":["GET"]}}],"collection":[{"href":"https:\/\/www.sportomokykla.lt\/index.php?rest_route=\/wp\/v2\/posts"}],"about":[{"href":"https:\/\/www.sportomokykla.lt\/index.php?rest_route=\/wp\/v2\/types\/post"}],"author":[{"embeddable":true,"href":"https:\/\/www.sportomokykla.lt\/index.php?rest_route=\/wp\/v2\/users\/1"}],"replies":[{"embeddable":true,"href":"https:\/\/www.sportomokykla.lt\/index.php?rest_route=%2Fwp%2Fv2%2Fcomments&post=14589"}],"version-history":[{"count":4,"href":"https:\/\/www.sportomokykla.lt\/index.php?rest_route=\/wp\/v2\/posts\/14589\/revisions"}],"predecessor-version":[{"id":14600,"href":"https:\/\/www.sportomokykla.lt\/index.php?rest_route=\/wp\/v2\/posts\/14589\/revisions\/14600"}],"wp:featuredmedia":[{"embeddable":true,"href":"https:\/\/www.sportomokykla.lt\/index.php?rest_route=\/wp\/v2\/media\/14597"}],"wp:attachment":[{"href":"https:\/\/www.sportomokykla.lt\/index.php?rest_route=%2Fwp%2Fv2%2Fmedia&parent=14589"}],"wp:term":[{"taxonomy":"category","embeddable":true,"href":"https:\/\/www.sportomokykla.lt\/index.php?rest_route=%2Fwp%2Fv2%2Fcategories&post=14589"},{"taxonomy":"post_tag","embeddable":true,"href":"https:\/\/www.sportomokykla.lt\/index.php?rest_route=%2Fwp%2Fv2%2Ftags&post=14589"}],"curies":[{"name":"wp","href":"https:\/\/api.w.org\/{rel}","templated":true}]}}