{"id":2187,"date":"2017-04-21T13:39:00","date_gmt":"2017-04-21T10:39:00","guid":{"rendered":"http:\/\/www.sportomokykla.lt\/?p=2187"},"modified":"2017-04-21T13:40:59","modified_gmt":"2017-04-21T10:40:59","slug":"gwiazda-olimpijska-marianowi-kaczanowskiemu-dyrektorowi-szkoly-sportowej-samorzadu-rejonu-wilenskiego","status":"publish","type":"post","link":"https:\/\/www.sportomokykla.lt\/?p=2187&lang=pl","title":{"rendered":"\u201eGwiazda olimpijska\u201d \u2013 Marianowi Kaczanowskiemu, dyrektorowi Szko\u0142y Sportowej Samorz\u0105du Rejonu Wile\u0144skiego"},"content":{"rendered":"<p>W dniu 20 kwietnia w Hotelu \u201eBest Western Vilnius\u201d podczas wyjazdowego posiedzenia zarz\u0105du Litewskiego Nacjonalnego Olimpijskiego Komitetu (LNOK) z okazji jubileusz\u00f3w zosta\u0142y nagrodzone zas\u0142u\u017cone dla ruchu olimpijskiego Litwy osoby.<\/p>\n<p>Wielokrotny mistrz Litwy w biatlonie, z\u0142oty medalista Mistrzostw Zwi\u0105zku Radzieckiego, z\u0142oty medalista Mistrzostw \u015awiata w biathlonie w\u015br\u00f3d weteran\u00f3w, wieloletni dyrektor Szko\u0142y Sportowej Samorz\u0105du Rejonu Wile\u0144skiego oraz trener biathlonist\u00f3w Marian Kaczanowski przez Dain\u0119 Gudzineviciute, prezydent Litewskiego Nacjonalnego Olimpijskiego Komitetu, zosta\u0142 nagrodzony \u201eGwiazd\u0105 Olimpijsk\u0105\u201d za aktywny udzia\u0142 w ruchu olimpijskim, krzewienie idei olimpizmu w\u015br\u00f3d m\u0142odzie\u017cy, wychowanie du\u017cego grona m\u0142odych biathlonist\u00f3w \u2013 uczestnik\u00f3w Zimowych Europejskich Festiwali Olimpijskich i Mistrzostw \u015awiata. Prezydent LNOK \u017cyczy\u0142a du\u017co zdrowia i nieko\u0144cz\u0105cej si\u0119 energii, donosz\u0105c m\u0142odzie\u017cy warto\u015bci i idee olimpijskie.<\/p>\n<p style=\"text-align: right;\">\u00a0 \u00a0 \u00a0 \u00a0 \u00a0 \u00a0 \u00a0 \u00a0 \u00a0 \u00a0 \u00a0 \u00a0 \u00a0 \u00a0 \u00a0 \u00a0 \u00a0 \u00a0 \u00a0 \u00a0 \u00a0 \u00a0 \u00a0 \u00a0 \u00a0 \u00a0 \u00a0 \u00a0 \u00a0 \u00a0 \u00a0 \u00a0 \u00a0 \u00a0 \u00a0 \u00a0 \u00a0 \u00a0 \u00a0 \u00a0 \u00a0 \u00a0 \u00a0 \u00a0 \u00a0 \u00a0 \u00a0 Spo\u0142eczno\u015b\u0107 Szko\u0142y Sportowej<br \/>\nSamorz\u0105du Rejonu Wile\u0144skiego<\/p>\n<div id='gallery-1' class='gallery galleryid-2187 gallery-columns-3 gallery-size-thumbnail'><figure class='gallery-item'>\n\t\t\t<div class='gallery-icon portrait'>\n\t\t\t\t<a href='https:\/\/www.sportomokykla.lt\/vrssm\/wp\/wp-content\/uploads\/2017\/04\/9-M.-Ka\u010danovskis-1.jpg'><img loading=\"lazy\" decoding=\"async\" width=\"150\" height=\"150\" src=\"https:\/\/www.sportomokykla.lt\/vrssm\/wp\/wp-content\/uploads\/2017\/04\/9-M.-Ka\u010danovskis-1-150x150.jpg\" class=\"attachment-thumbnail size-thumbnail\" alt=\"\" \/><\/a>\n\t\t\t<\/div><\/figure><figure class='gallery-item'>\n\t\t\t<div class='gallery-icon landscape'>\n\t\t\t\t<a href='https:\/\/www.sportomokykla.lt\/vrssm\/wp\/wp-content\/uploads\/2017\/04\/IMG_2900-1.jpg'><img loading=\"lazy\" decoding=\"async\" width=\"150\" height=\"150\" src=\"https:\/\/www.sportomokykla.lt\/vrssm\/wp\/wp-content\/uploads\/2017\/04\/IMG_2900-1-150x150.jpg\" class=\"attachment-thumbnail size-thumbnail\" alt=\"\" \/><\/a>\n\t\t\t<\/div><\/figure><figure class='gallery-item'>\n\t\t\t<div class='gallery-icon landscape'>\n\t\t\t\t<a href='https:\/\/www.sportomokykla.lt\/vrssm\/wp\/wp-content\/uploads\/2017\/04\/LTOK-apdovanojimai-1.jpg'><img loading=\"lazy\" decoding=\"async\" width=\"150\" height=\"150\" src=\"https:\/\/www.sportomokykla.lt\/vrssm\/wp\/wp-content\/uploads\/2017\/04\/LTOK-apdovanojimai-1-150x150.jpg\" class=\"attachment-thumbnail size-thumbnail\" alt=\"\" \/><\/a>\n\t\t\t<\/div><\/figure>\n\t\t<\/div>\n\n<p>&nbsp;<\/p>\n","protected":false},"excerpt":{"rendered":"<p>W dniu 20 kwietnia w Hotelu \u201eBest Western Vilnius\u201d podczas wyjazdowego posiedzenia zarz\u0105du Litewskiego Nacjonalnego Olimpijskiego Komitetu (LNOK) z okazji jubileusz\u00f3w zosta\u0142y nagrodzone zas\u0142u\u017cone dla ruchu olimpijskiego Litwy osoby. Wielokrotny mistrz Litwy w biatlonie, z\u0142oty medalista Mistrzostw Zwi\u0105zku Radzieckiego, z\u0142oty medalista Mistrzostw \u015awiata w biathlonie w\u015br\u00f3d weteran\u00f3w, wieloletni dyrektor Szko\u0142y Sportowej Samorz\u0105du Rejonu Wile\u0144skiego oraz [&hellip;]<\/p>\n","protected":false},"author":1,"featured_media":2184,"comment_status":"closed","ping_status":"closed","sticky":false,"template":"","format":"standard","meta":{"footnotes":""},"categories":[7,31],"tags":[],"class_list":["post-2187","post","type-post","status-publish","format-standard","has-post-thumbnail","hentry","category-aktualia","category-imprezy"],"_links":{"self":[{"href":"https:\/\/www.sportomokykla.lt\/index.php?rest_route=\/wp\/v2\/posts\/2187","targetHints":{"allow":["GET"]}}],"collection":[{"href":"https:\/\/www.sportomokykla.lt\/index.php?rest_route=\/wp\/v2\/posts"}],"about":[{"href":"https:\/\/www.sportomokykla.lt\/index.php?rest_route=\/wp\/v2\/types\/post"}],"author":[{"embeddable":true,"href":"https:\/\/www.sportomokykla.lt\/index.php?rest_route=\/wp\/v2\/users\/1"}],"replies":[{"embeddable":true,"href":"https:\/\/www.sportomokykla.lt\/index.php?rest_route=%2Fwp%2Fv2%2Fcomments&post=2187"}],"version-history":[{"count":3,"href":"https:\/\/www.sportomokykla.lt\/index.php?rest_route=\/wp\/v2\/posts\/2187\/revisions"}],"predecessor-version":[{"id":2193,"href":"https:\/\/www.sportomokykla.lt\/index.php?rest_route=\/wp\/v2\/posts\/2187\/revisions\/2193"}],"wp:featuredmedia":[{"embeddable":true,"href":"https:\/\/www.sportomokykla.lt\/index.php?rest_route=\/wp\/v2\/media\/2184"}],"wp:attachment":[{"href":"https:\/\/www.sportomokykla.lt\/index.php?rest_route=%2Fwp%2Fv2%2Fmedia&parent=2187"}],"wp:term":[{"taxonomy":"category","embeddable":true,"href":"https:\/\/www.sportomokykla.lt\/index.php?rest_route=%2Fwp%2Fv2%2Fcategories&post=2187"},{"taxonomy":"post_tag","embeddable":true,"href":"https:\/\/www.sportomokykla.lt\/index.php?rest_route=%2Fwp%2Fv2%2Ftags&post=2187"}],"curies":[{"name":"wp","href":"https:\/\/api.w.org\/{rel}","templated":true}]}}