{"id":2218,"date":"2017-04-25T14:38:33","date_gmt":"2017-04-25T11:38:33","guid":{"rendered":"http:\/\/www.sportomokykla.lt\/?p=2218"},"modified":"2017-04-25T14:56:01","modified_gmt":"2017-04-25T11:56:01","slug":"miedzynarodowe-biegi-poswiecone-dniowi-konstytucji-3-maja","status":"publish","type":"post","link":"https:\/\/www.sportomokykla.lt\/?p=2218&lang=pl","title":{"rendered":"Mi\u0119dzynarodowe biegi, po\u015bwi\u0119cone Dniu Konstytucji 3 Maja"},"content":{"rendered":"<p>W dniu 24 kwietnia na le\u015bnej estradzie w Niemenczynie zebra\u0142o si\u0119 ponad 340 sportowc\u00f3w z Polski, Wilna, Podbrzezia, Barskun (rej. Szyrwincki), J\u0119czmieniszek, Mo\u015bciszek, Szumsku, Mickun, Bezdan, Rukoj\u0144, Starych Trok, Niemenczyna i okolic na XI Mi\u0119dzynarodowe biegi ulicami miasta Niemenczyn, po\u015bwi\u0119cone Dniu Konstytucji 3 Maja. Na zaproszenie Szko\u0142y Sportowej Samorz\u0105du Rejonu Wile\u0144skiego po raz trzeci w zawodach wzi\u0119li udzia\u0142 biegacze z Zespo\u0142u Szk\u00f3\u0142 Nr. 4 w Pu\u0142tusku, a tak\u017ce uczestnicy sztafety \u201eLegnica (Polska) \u2013 Ostra Brama (Wilno)\u201d, kt\u00f3rzy biegiem pokonali 800 km. Zawody zosta\u0142y zorganizowane przez Starostwo miasta Niemenczyn, Wydzia\u0142 Kultury, sportu i turystyki Samorz\u0105du Rejonu Wile\u0144skiego, Szko\u0142\u0119 Sportow\u0105 Samorz\u0105du Rejonu Wile\u0144skiego oraz Gimnazjum im. K. Parczewskiego w Niemenczynie.<\/p>\n<p>Program zawod\u00f3w sk\u0142ada\u0142 si\u0119 z bieg\u00f3w sztafetowych dla szk\u00f3\u0142 podstawowych na dystansie 3 km oraz dla gimnazj\u00f3w na dystansie 6 km w dw\u00f3ch grupach wiekowych, a tak\u017ce w biegach indywidualnych na dystansach od 500 m do 2000 m w 8 grupach wiekowych.<\/p>\n<p>Podczas otwarcia zawod\u00f3w wszystkich zebranych przywitali starosta miasta Niemenczyn Mieczys\u0142aw Borusewicz oraz kierownik Wydzia\u0142u Kultury, sportu i turystyki Samorz\u0105du Rejonu Wile\u0144skiego Edmund Szot \u017cycz\u0105c sportowcom dobrych start\u00f3w, zwyci\u0119stw oraz osobistych sukces\u00f3w. G\u0142\u00f3wny organizator zawod\u00f3w dyrektor Szko\u0142y Sportowej Samorz\u0105du Rejonu Wile\u0144skiego w kilku s\u0142owach opowiedzia\u0142 o przebiegu zawod\u00f3w i dystansach, jakie czekaj\u0105 na biegaczy oraz zaprosi\u0142 na start, \u017cycz\u0105c sukces\u00f3w i zadowolenia z pokonania wybranego dystansu.<\/p>\n<p>Pierwsi na starcie stan\u0119li biegacze szk\u00f3\u0142 podstawowych, rywalizuj\u0105c w sztafetach. Dru\u017cyny sk\u0142ada\u0142y si\u0119 z 2 dziewcz\u0105t i 2 ch\u0142opc\u00f3w. Dziewcz\u0119ta mia\u0142y do pokonania po 500 metr\u00f3w, a ch\u0142opcy po 1000 metr\u00f3w. Po intryguj\u0105cej walce zwyci\u0119zcami zostali biegacze uczniowie Mo\u015bciskiej Szko\u0142y \u2013 Wielofunkcyjnego O\u015brodka z czasem 8 min. 52 sek. Na drugim miejscu uplasowali si\u0119 uczniowie Szko\u0142y Podstawowej w Raka\u0144cach z czasem 9 min. 16 sek., a trzecie miejsce zdobyli uczniowie ze Szko\u0142y Podstawowej im. M. Zdziechowskiego z Suderwi, kt\u00f3rzy dystans pokonali za 9 min. 17 sek.<\/p>\n<p>Nast\u0119pnie na starcie sztafety stan\u0119li przedstawiciele gimnazj\u00f3w. Sztafety sk\u0142ada\u0142y si\u0119 z 4 dziewcz\u0105t, biegn\u0105cych po 500 m, oraz z 4 ch\u0142opc\u00f3w, biegn\u0105cych po 1000 m. Uczniowie rywalizowali w dw\u00f3ch grupach wiekowych: 1998-2001 r. ur. oraz 2002 r. ur. i m\u0142odsi. W m\u0142odszej grupie na pierwszym schodku podium uplasowali si\u0119 uczniowie Gimnazjum im. K. Parczewskiego w Niemenczynie z czasem 18 min. 30 sek. Drugie miejsce zaj\u0119li przedstawiciele Gimnazjum w Mickunach, pokonuj\u0105c dystans za 19 min. 49 sek., a trzecie miejsce zdoby\u0142a dru\u017cyna Gimnazjum im. Giedymina w Niemenczynie, z czasem 20 min. 12 sek. Starsi uczniowie mieli do pokonania taki sam dystans, a zwyci\u0119zcami zostali uczniowie Gimnazjum w Bujwidzach. Drugie miejsce wywalczyli biegacze z Gimnazjum im. K. Parczewskiego w Niemenczynie, a na trzecim miejscu uplasowali si\u0119 sportowcy z Gimnazjum \u201eVerden\u0117\u201d w Podbrzeziu<\/p>\n<p>Nast\u0119pnie rozpocz\u0119\u0142y si\u0119 biegi indywidualne. Pierwsze na starcie 500 m stan\u0119\u0142y przedstawicielki najm\u0142odszej grupy 2006 r. ur. i m\u0142odsze. Najszybsz\u0105 okaza\u0142a si\u0119 Gabriele Duden z Miednik, zwyci\u0119\u017caj\u0105c z czasem 2 min. 02 sek. W tej samej grupie w\u015br\u00f3d ch\u0142opc\u00f3w zwyci\u0119\u017cy\u0142 Daniel Wasiljew z Niemenczyna, pokonuj\u0105c 500 metr\u00f3w za 1 min. 45 sek. W licznej grupie wiekowej 2004-2005 r. ur. w\u015br\u00f3d dziewcz\u0105t na dystansie 500 m zwyci\u0119\u017cy\u0142a przedstawicielka Barskun Ewelina Wojtkiewicz, z czasem 1 min. 30 sek. Ch\u0142opcy 2004-2005 r. ur. mieli do pokonania 1000 m. W biegu zwyci\u0119\u017cy\u0142 przedstawiciel Wilna Emil Andruszkiewicz z czasem 2 min. 32 sek. Tak\u017ce 1000 m do pokonania mia\u0142y dziewcz\u0119ta 2001-2003 r. ur. Tu nie mia\u0142a sobie r\u00f3wnych Julija Jaczun z J\u0119czmieniszek, zwyci\u0119\u017caj\u0105c z wynikiem 2 min. 40 sek. Ch\u0142opcy 2001-2003 r. ur. mieli pokona\u0107 1500 metr\u00f3w. W tej grupie wiekowej tak\u017ce zwyci\u0119\u017cy\u0142 przedstawiciel J\u0119czmieniszek Grzegorz Siemaszko z wynikiem 3 min. 51 sek. W grupie dziewcz\u0105t 1998-2000 r. ur. 1500 metr\u00f3w najszybciej pokona\u0142a Karolina Sawko, potrzebuj\u0105c na pokonanie dystansu 4 min. 21 sek. Na najd\u0142u\u017cszym dystansie tych zawod\u00f3w \u2013 2000 m \u2013 w grupie ch\u0142opc\u00f3w 1998-2000 r. ur., zwyci\u0119zc\u0105 zosta\u0142 Jaros\u0142aw Siemaszko z czasem 4 min. 44 sek.<\/p>\n<p>Wszyscy uczestnicy bieg\u00f3w na mecie otrzymali okoliczno\u015bciowe medale. Starosta miasta Niemenczyn Mieczys\u0142aw Borusewicz, kierownik Wydzia\u0142u Kultury oraz Sportu i Turystyki Samorz\u0105du Rejonu Wile\u0144skiego Edmund Szot zdobywc\u00f3w 1-3 miejsca nagrodzili pucharami, dyplomami, medalami i nagrodami rzeczowymi. O nagrody uczestnikom bieg\u00f3w zatroszczy\u0142o si\u0119 starostwo miasta Niemenczyn oraz Samorz\u0105d Rejonu Wile\u0144skiego.<\/p>\n<p>Po zawodach go\u015bcie z Polski zwiedzili Wilno: ko\u015bci\u00f3\u0142 \u015aw. Piotra i Paw\u0142a, cmentarz na Rossie, Ostr\u0105 Bram\u0119, Wile\u0144sk\u0105 Katedr\u0119, star\u00f3wk\u0119 oraz G\u00f3r\u0119 Trzech Krzy\u017cy, kt\u00f3rej obserwowali przepi\u0119kn\u0105 panoram\u0119 Wilna.<\/p>\n<p style=\"text-align: right;\">Dyrektor Szko\u0142y Sportowej<br \/>\nSamorz\u0105du Rejonu Wile\u0144skiego Marian Kaczanowski<\/p>\n<div id='gallery-1' class='gallery galleryid-2218 gallery-columns-3 gallery-size-thumbnail'><figure class='gallery-item'>\n\t\t\t<div class='gallery-icon landscape'>\n\t\t\t\t<a href='https:\/\/www.sportomokykla.lt\/vrssm\/wp\/wp-content\/uploads\/2017\/04\/IMG_2940-1.jpg'><img loading=\"lazy\" decoding=\"async\" width=\"150\" height=\"150\" src=\"https:\/\/www.sportomokykla.lt\/vrssm\/wp\/wp-content\/uploads\/2017\/04\/IMG_2940-1-150x150.jpg\" class=\"attachment-thumbnail size-thumbnail\" alt=\"\" \/><\/a>\n\t\t\t<\/div><\/figure><figure class='gallery-item'>\n\t\t\t<div class='gallery-icon landscape'>\n\t\t\t\t<a href='https:\/\/www.sportomokykla.lt\/vrssm\/wp\/wp-content\/uploads\/2017\/04\/IMG_3081-1.jpg'><img loading=\"lazy\" decoding=\"async\" width=\"150\" height=\"150\" src=\"https:\/\/www.sportomokykla.lt\/vrssm\/wp\/wp-content\/uploads\/2017\/04\/IMG_3081-1-150x150.jpg\" class=\"attachment-thumbnail size-thumbnail\" alt=\"\" \/><\/a>\n\t\t\t<\/div><\/figure><figure class='gallery-item'>\n\t\t\t<div class='gallery-icon landscape'>\n\t\t\t\t<a href='https:\/\/www.sportomokykla.lt\/vrssm\/wp\/wp-content\/uploads\/2017\/04\/IMG_3104-1.jpg'><img loading=\"lazy\" decoding=\"async\" width=\"150\" height=\"150\" src=\"https:\/\/www.sportomokykla.lt\/vrssm\/wp\/wp-content\/uploads\/2017\/04\/IMG_3104-1-150x150.jpg\" class=\"attachment-thumbnail size-thumbnail\" alt=\"\" \/><\/a>\n\t\t\t<\/div><\/figure><figure class='gallery-item'>\n\t\t\t<div class='gallery-icon landscape'>\n\t\t\t\t<a href='https:\/\/www.sportomokykla.lt\/vrssm\/wp\/wp-content\/uploads\/2017\/04\/IMG_3117-1.jpg'><img loading=\"lazy\" decoding=\"async\" width=\"150\" height=\"150\" src=\"https:\/\/www.sportomokykla.lt\/vrssm\/wp\/wp-content\/uploads\/2017\/04\/IMG_3117-1-150x150.jpg\" class=\"attachment-thumbnail size-thumbnail\" alt=\"\" \/><\/a>\n\t\t\t<\/div><\/figure><figure class='gallery-item'>\n\t\t\t<div class='gallery-icon landscape'>\n\t\t\t\t<a href='https:\/\/www.sportomokykla.lt\/vrssm\/wp\/wp-content\/uploads\/2017\/04\/IMG_3153-1.jpg'><img loading=\"lazy\" decoding=\"async\" width=\"150\" height=\"150\" src=\"https:\/\/www.sportomokykla.lt\/vrssm\/wp\/wp-content\/uploads\/2017\/04\/IMG_3153-1-150x150.jpg\" class=\"attachment-thumbnail size-thumbnail\" alt=\"\" \/><\/a>\n\t\t\t<\/div><\/figure><figure class='gallery-item'>\n\t\t\t<div class='gallery-icon landscape'>\n\t\t\t\t<a href='https:\/\/www.sportomokykla.lt\/vrssm\/wp\/wp-content\/uploads\/2017\/04\/IMG_3162-1.jpg'><img loading=\"lazy\" decoding=\"async\" width=\"150\" height=\"150\" src=\"https:\/\/www.sportomokykla.lt\/vrssm\/wp\/wp-content\/uploads\/2017\/04\/IMG_3162-1-150x150.jpg\" class=\"attachment-thumbnail size-thumbnail\" alt=\"\" \/><\/a>\n\t\t\t<\/div><\/figure><figure class='gallery-item'>\n\t\t\t<div class='gallery-icon landscape'>\n\t\t\t\t<a href='https:\/\/www.sportomokykla.lt\/vrssm\/wp\/wp-content\/uploads\/2017\/04\/IMG_3044-1.jpg'><img loading=\"lazy\" decoding=\"async\" width=\"150\" height=\"150\" src=\"https:\/\/www.sportomokykla.lt\/vrssm\/wp\/wp-content\/uploads\/2017\/04\/IMG_3044-1-150x150.jpg\" class=\"attachment-thumbnail size-thumbnail\" alt=\"\" \/><\/a>\n\t\t\t<\/div><\/figure><figure class='gallery-item'>\n\t\t\t<div class='gallery-icon landscape'>\n\t\t\t\t<a href='https:\/\/www.sportomokykla.lt\/vrssm\/wp\/wp-content\/uploads\/2017\/04\/IMG_3053-1.jpg'><img loading=\"lazy\" decoding=\"async\" width=\"150\" height=\"150\" src=\"https:\/\/www.sportomokykla.lt\/vrssm\/wp\/wp-content\/uploads\/2017\/04\/IMG_3053-1-150x150.jpg\" class=\"attachment-thumbnail size-thumbnail\" alt=\"\" \/><\/a>\n\t\t\t<\/div><\/figure><figure class='gallery-item'>\n\t\t\t<div class='gallery-icon landscape'>\n\t\t\t\t<a href='https:\/\/www.sportomokykla.lt\/vrssm\/wp\/wp-content\/uploads\/2017\/04\/IMG_3040-1.jpg'><img loading=\"lazy\" decoding=\"async\" width=\"150\" height=\"150\" src=\"https:\/\/www.sportomokykla.lt\/vrssm\/wp\/wp-content\/uploads\/2017\/04\/IMG_3040-1-150x150.jpg\" class=\"attachment-thumbnail size-thumbnail\" alt=\"\" \/><\/a>\n\t\t\t<\/div><\/figure>\n\t\t<\/div>\n\n","protected":false},"excerpt":{"rendered":"<p>W dniu 24 kwietnia na le\u015bnej estradzie w Niemenczynie zebra\u0142o si\u0119 ponad 340 sportowc\u00f3w z Polski, Wilna, Podbrzezia, Barskun (rej. Szyrwincki), J\u0119czmieniszek, Mo\u015bciszek, Szumsku, Mickun, Bezdan, Rukoj\u0144, Starych Trok, Niemenczyna i okolic na XI Mi\u0119dzynarodowe biegi ulicami miasta Niemenczyn, po\u015bwi\u0119cone Dniu Konstytucji 3 Maja. Na zaproszenie Szko\u0142y Sportowej Samorz\u0105du Rejonu Wile\u0144skiego po raz trzeci w [&hellip;]<\/p>\n","protected":false},"author":1,"featured_media":2237,"comment_status":"closed","ping_status":"closed","sticky":false,"template":"","format":"standard","meta":{"footnotes":""},"categories":[7,12],"tags":[],"class_list":["post-2218","post","type-post","status-publish","format-standard","has-post-thumbnail","hentry","category-aktualia","category-zawody"],"_links":{"self":[{"href":"https:\/\/www.sportomokykla.lt\/index.php?rest_route=\/wp\/v2\/posts\/2218","targetHints":{"allow":["GET"]}}],"collection":[{"href":"https:\/\/www.sportomokykla.lt\/index.php?rest_route=\/wp\/v2\/posts"}],"about":[{"href":"https:\/\/www.sportomokykla.lt\/index.php?rest_route=\/wp\/v2\/types\/post"}],"author":[{"embeddable":true,"href":"https:\/\/www.sportomokykla.lt\/index.php?rest_route=\/wp\/v2\/users\/1"}],"replies":[{"embeddable":true,"href":"https:\/\/www.sportomokykla.lt\/index.php?rest_route=%2Fwp%2Fv2%2Fcomments&post=2218"}],"version-history":[{"count":5,"href":"https:\/\/www.sportomokykla.lt\/index.php?rest_route=\/wp\/v2\/posts\/2218\/revisions"}],"predecessor-version":[{"id":2235,"href":"https:\/\/www.sportomokykla.lt\/index.php?rest_route=\/wp\/v2\/posts\/2218\/revisions\/2235"}],"wp:featuredmedia":[{"embeddable":true,"href":"https:\/\/www.sportomokykla.lt\/index.php?rest_route=\/wp\/v2\/media\/2237"}],"wp:attachment":[{"href":"https:\/\/www.sportomokykla.lt\/index.php?rest_route=%2Fwp%2Fv2%2Fmedia&parent=2218"}],"wp:term":[{"taxonomy":"category","embeddable":true,"href":"https:\/\/www.sportomokykla.lt\/index.php?rest_route=%2Fwp%2Fv2%2Fcategories&post=2218"},{"taxonomy":"post_tag","embeddable":true,"href":"https:\/\/www.sportomokykla.lt\/index.php?rest_route=%2Fwp%2Fv2%2Ftags&post=2218"}],"curies":[{"name":"wp","href":"https:\/\/api.w.org\/{rel}","templated":true}]}}