{"id":2415,"date":"2017-05-15T22:47:47","date_gmt":"2017-05-15T19:47:47","guid":{"rendered":"http:\/\/www.sportomokykla.lt\/?p=2415"},"modified":"2017-05-19T14:23:07","modified_gmt":"2017-05-19T11:23:07","slug":"rekordowy-miedzynarodowy-maraton-wilia-pod-haslem-pasja-varzybos-%d0%b4%d1%80%d1%83%d0%b6%d0%b1%d0%b0-w-niemenczynie","status":"publish","type":"post","link":"https:\/\/www.sportomokykla.lt\/?p=2415&lang=pl","title":{"rendered":"Rekordowy Mi\u0119dzynarodowy maraton \u201eWilia\u201d pod has\u0142em \u201ePasja \u2013 var\u017eybos \u2013 \u0434\u0440\u0443\u0436\u0431\u0430\u201d w Niemenczynie"},"content":{"rendered":"<p>W dniu 14 maja na lewobocznej od rzeki Wilia cz\u0119\u015bci miasteczka Niemenczyn by\u0142o kolorowo od prawie 400 stroj\u00f3w rowerzyst\u00f3w w wieku od 2 do 78 lat, kt\u00f3rzy przybyli do Niemenczyna z Polski, Rosji, Bia\u0142orusi i Litwy, aby wzi\u0105\u0107 udzia\u0142 w III Mi\u0119dzynarodowym MTB maratonie \u201eWilia\u201d. MTB maraton rowerowy \u201eWilia\u201d jest jednym z 16 maraton\u00f3w kresowych organizowanych we wschodniej cz\u0119\u015bci Polski. W tym roku po raz trzeci zawita\u0142 tak\u017ce na Litw\u0119, pozwalaj\u0105c na sportowo zwiedzi\u0107 Wile\u0144szczyzn\u0119. Najwi\u0119cej na zawody z zagranicy przyby\u0142o naszych rodak\u00f3w z Polski, kt\u00f3rzy ju\u017c w sobot\u0119 przybyli do Niemenczyna, Bezdan i Wilna. Po po\u0142udniu zapoznali si\u0119 z tras\u0105 maratonu, a wieczorem zwiedzili Wilno. Tak\u017ce liczna grupa rowerzyst\u00f3w przyjecha\u0142a z Bia\u0142orusi z miasta Grodna. Mieli\u015bmy tak\u017ce kilku przedstawicieli z Petersburgu i Kaliningradu (Rosja). Nie zabrak\u0142o tak\u017ce na starcie przedstawicieli rejonu Wile\u0144skiego, a najliczniej uczestniczyli wychowankowie Szko\u0142y Sportowej Samorz\u0105du Rejonu Wile\u0144skiego i rowerzy\u015bci z Niemenczyna.<\/p>\n<p>Rowerzy\u015bci w zale\u017cno\u015bci od swoich mo\u017cliwo\u015bci fizycznych i ch\u0119ci mogli wypr\u00f3bowa\u0107 swoje si\u0142y na dystansie mini maratonu 7,5 km, p\u00f3\u0142maratonu \u2013 28,5 km i maratonu \u2013 57 km.<\/p>\n<p>Pierwsi na starcie stan\u0119li uczestnicy w wieku od 2 do 6 lat w Mikro maratonie na dystansie 350 metr\u00f3w. Zwyci\u0119zcami w kategorii OPEN zostali Joris Kurlavicius z Kowna i Marta Komarowska z Niemenczyna.<\/p>\n<p>O godz. 11.25 na dystansie 7,5 km wystartowali uczestnicy Author Mini Maraton. Trasa prowadzi\u0142a ulicami V\u0117trung\u0117s, Kalno przez terytorium jednostki wojskowej do lasu i by\u0142a \u0142agodniejsza, dostosowana dla amator\u00f3w i dzieci w wieku szkolnym. Uczestnicy Author Mini Maratonu nie d\u0142ugo peda\u0142owali po le\u015bnych drogach i najlepsi pojawili si\u0119 na mecie, pokonuj\u0105c 7,5 km za 17 min. 50 sek. W kategorii Open pierwszy lini\u0119 mety przeci\u0105\u0142 Niemenczynianin Romuald Aleksandrow. W kategorii Open kobiet zwyci\u0119\u017cy\u0142a Kamile Jakubauskaite z Niemenczyna (21 min. 26 sek.). Zespo\u0142owo pierwsze miejsce zaj\u0119li wychowankowie Szko\u0142y Sportowej Samorz\u0105du Rejonu Wile\u0144skiego. Na trasie mini maratonu wystartowa\u0142 tak\u017ce wice mer Rejonu wile\u0144skiego Robert Komarowski.<\/p>\n<p>O godz. 12.40 liczna grupa rowerzyst\u00f3w wystartowa\u0142a na dystansie maratonu. Zawodnicy, pilotowani przez motocyklist\u0119 pomkn\u0119li ulicami V\u0117trung\u0117s, Vilniaus, Kalno i przez terytorium Centrum Szkolenia Bojowego im. Genera\u0142a A. Ramanauskasa, pomkn\u0119\u0142a \u015bcie\u017ckami le\u015bnymi, wytyczon\u0105 28,5 km tras\u0105 wzd\u0142u\u017c rzeki Wilia poprzez wsie Krywo\u0142ow\u017ce, Brataniszki, Liepiai. Dop\u00f3ki marato\u0144czycy pokonywali sw\u00f3j dystans, odby\u0142 si\u0119 start bardzo licznej grupy, prawie 250 uczestnik\u00f3w p\u00f3\u0142maratonu, kt\u00f3rzy tak\u017ce zostali serdecznie powitani przez \u017co\u0142nierzy Centrum Szkolenia Bojowego im. Genera\u0142a A. Ramanauskasa podczas przejazdu przez terytorium wojskowe. Trasa by\u0142a w miar\u0119 pofa\u0142dowana, by\u0142o du\u017co odcink\u00f3w szybkich, ale nie zabrak\u0142o te\u017c ostrych skr\u0119t\u00f3w i stromych podjazd\u00f3w. \u00a0W tym roku zosta\u0142y wytyczone nowe odcinki, ci\u0105gn\u0105ce si\u0119 obok Wilii, w niekt\u00f3rych miejscach rowerzy\u015bci jechali w kilkudziesi\u0119ciu centymetrach od rzeki, a potem musieli ostro wspina\u0107 si\u0119 w g\u00f3r\u0119, jecha\u0107 po skarpie, podziwiaj\u0105c spokojnie p\u0142yn\u0105c\u0105 Wili\u0119 i rozlegaj\u0105ce si\u0119 za ni\u0105 pejza\u017ce z wysoko\u015bci 100 metr\u00f3w. W kilku miejscach rowerzy\u015bci musieli pokona\u0107 strumyk, a ostatni\u0105 strom\u0105 g\u00f3r\u0119, przez rowerzyst\u00f3w nazwan\u0105 \u201eEwerestem\u201d, na oczach u widz\u00f3w nie wszystkim uda\u0142o si\u0119 pokona\u0107 na stalowym rumaku, dlatego musieli zeskakiwa\u0107 i biegn\u0105\u0107 obok roweru. Wkr\u00f3tce liderzy maratonu pokonali pierwsze 28,5 km i tranzytem przez startowe miasteczko wyruszyli na drugi kr\u0105g. Po 1 godz. 03 min. 05 sek. na mecie pojawili si\u0119 najsilniejsi rowerzy\u015bci p\u00f3\u0142maratonu. Zwyci\u0119zc\u0105 w kategorii OPEN m\u0119\u017cczyzn zosta\u0142 Crzanowski Piotr z E\u0142ku. Drugie miejsce zaj\u0105\u0142 Bia\u0142orusin Yahor Prasviryn (1 godz. 04 min. 02 sek.). Na trzecim miejscu uplasowa\u0142 si\u0119 Mas\u0142owski Julian z Bia\u0142ystoku (1.01,05). W kategorii OPEN kobiet zwyci\u0119\u017cy\u0142a Mickeviciute \u2013 Juodisiene Karolina z Wilna (1.09,55). Drugie miejsce wywalczy\u0142a Ewelina Kaminska z Bia\u0142ystoku (1.14,01), a trzecie \u2013 Citko Katarzyna z Bia\u0142ystoku \u00a0(1.14,21).<\/p>\n<p>Z przedstawicieli rejonu Wile\u0144skiego p\u00f3\u0142maraton w\u015br\u00f3d m\u0119\u017cczyzn najszybciej pokona\u0142 Niemenczynianin Jaros\u0142aw Smolski ( 1.07.59).<\/p>\n<p>W maratonie w ostrej walce zwyci\u0119\u017cy\u0142 \u0160ar\u016bnas Pacevi\u010dius z Kowna, dystans pokonuj\u0105c za 2 godz. 06 sek. 09 sek. i zaledwie o 8 sekund wyprzedzaj\u0105c Wilnianina Elijusa Civilisa (2.06,17), a trzecie miejsce zaj\u0105\u0142 Marius Pinaitis z Wilna (2.06,17). W kategorii OPEN kobiet zwyci\u0119\u017cy\u0142a Silvija Lato\u017eait\u0117 z Kupiszek (2.21,06). Drugie miejsce zaj\u0119\u0142a Gabriele Andra\u0161i\u016bniene z Wilna (2.34.13), a trzecie Vida Reinartait\u0117 z Wilna (2.46.30).<\/p>\n<p>Najlepszym z przedstawicieli rejonu Wile\u0144skiego zosta\u0142 Niemenczynianin Rados\u0142aw Aleksandrow (2.37.52).<\/p>\n<p>Ca\u0142ej imprezie sportowej towarzyszy\u0142a muzyka, kt\u00f3ra podnosi\u0142a dobry nastr\u00f3j sportowcom i kibicuj\u0105cym. Z dzie\u0107mi zaj\u0119cia prowadzi\u0142y i bawi\u0142y si\u0119 animatorki z Polski, kt\u00f3re przyszykowa\u0142y du\u017co r\u00f3\u017cnych atrakcji. Finiszuj\u0105cy na mecie mogli od razu napi\u0107 si\u0119 zimnej wody i pocz\u0119stowa\u0107 si\u0119 ciasteczkami, owocami. Wszystkim smakowa\u0142a kasza przygotowana przez kucharzy z Kapeli \u015awi\u0119toja\u0144skiej na czele z Iwanem Szpakowym.<\/p>\n<p>Zdobywcy 1-3 miejsc w kategorii OPEN zostali nagrodzeni nagrodami pieni\u0119\u017cnymi 100, 60 i 40 euro, kt\u00f3re wr\u0119czyli wice mer Rejonu Wile\u0144skiego Robert Komarowski, kierownik Wydzia\u0142u Kultury, Sportu i Turystyki Samorz\u0105du Rejonu Wile\u0144skiego Edmund Szot, starosta miasta Niemenczyn Mieczys\u0142aw Borusewicz oraz prezes Fundacji \u201eMaratony kresowe\u201d Miros\u0142aw Barej. W poszczeg\u00f3lnych grupach wiekowych zwyci\u0119zcy zostali nagrodzeni dyplomami, pucharami, a najm\u0142odsi uczestnicy medalami, kt\u00f3re ufundowa\u0142 Samorz\u0105d Rejonu Wile\u0144skiego i Fundacja \u201eMaratony kresowe\u201d.<\/p>\n<p>Po dekoracji w\u015br\u00f3d wszystkich zawodnik\u00f3w, kt\u00f3rzy pokonali wybrany dystans zosta\u0142y rozegrane nagrody rzeczowe, beczu\u0142ki z miodem z grawerem \u201eMaraton Kresowy Wilia\u201d w Niemenczynie.<\/p>\n<p>Po zako\u0144czeniu zawod\u00f3w uczestnicy dobrze odezwali si\u0119 o ca\u0142ej organizacji imprezy, przyszykowanej trasie, oznakowaniu i mi\u0142ej atmosferze. W tym roku w maratonie wzi\u0119\u0142a rekordowa liczba rowerzyst\u00f3w z Litwy, kt\u00f3rzy dobrze ocenili ca\u0142\u0105 organizacj\u0119 zawod\u00f3w i ta impreza sportowa pod has\u0142em \u201ePasja \u2013 var\u017eybos \u2013 \u0434\u0440\u0443\u0436\u0431\u0430\u201d nie zale\u017cnie od narodowo\u015bci \u0142\u0105czy ludzi. Wszystko to nie by\u0142oby mo\u017cliwe bez zaanga\u017cowania si\u0119 kierownik\u00f3w i pracownik\u00f3w Wydzia\u0142u Kultury, Sportu i Turystyki Samorz\u0105du Rejonu Wile\u0144skiego, Wielofunkcyjnego o\u015brodka kultury w Niemenczynie, Muzeum Etnograficznego Wile\u0144szczyzny, Starostwa miasta Niemenczyn i Szko\u0142y Sportowej Samorz\u0105du Rejonu Wile\u0144skiego oraz sponsor\u00f3w.<\/p>\n<p style=\"text-align: right;\">Dyrektor Szko\u0142y Sportowej<br \/>\nSamorz\u0105du Rejonu Wile\u0144skiego Marian Kaczanowski<\/p>\n<div id='gallery-1' class='gallery galleryid-2415 gallery-columns-3 gallery-size-thumbnail'><figure class='gallery-item'>\n\t\t\t<div class='gallery-icon landscape'>\n\t\t\t\t<a href='https:\/\/www.sportomokykla.lt\/vrssm\/wp\/wp-content\/uploads\/2017\/05\/IMG_0612-1.jpg'><img loading=\"lazy\" decoding=\"async\" width=\"150\" height=\"150\" src=\"https:\/\/www.sportomokykla.lt\/vrssm\/wp\/wp-content\/uploads\/2017\/05\/IMG_0612-1-150x150.jpg\" class=\"attachment-thumbnail size-thumbnail\" alt=\"\" \/><\/a>\n\t\t\t<\/div><\/figure><figure class='gallery-item'>\n\t\t\t<div class='gallery-icon landscape'>\n\t\t\t\t<a href='https:\/\/www.sportomokykla.lt\/vrssm\/wp\/wp-content\/uploads\/2017\/05\/IMG_3252-1.jpg'><img loading=\"lazy\" decoding=\"async\" width=\"150\" height=\"150\" src=\"https:\/\/www.sportomokykla.lt\/vrssm\/wp\/wp-content\/uploads\/2017\/05\/IMG_3252-1-150x150.jpg\" class=\"attachment-thumbnail size-thumbnail\" alt=\"\" \/><\/a>\n\t\t\t<\/div><\/figure><figure class='gallery-item'>\n\t\t\t<div class='gallery-icon landscape'>\n\t\t\t\t<a href='https:\/\/www.sportomokykla.lt\/vrssm\/wp\/wp-content\/uploads\/2017\/05\/IMG_3255-1.jpg'><img loading=\"lazy\" decoding=\"async\" width=\"150\" height=\"150\" src=\"https:\/\/www.sportomokykla.lt\/vrssm\/wp\/wp-content\/uploads\/2017\/05\/IMG_3255-1-150x150.jpg\" class=\"attachment-thumbnail size-thumbnail\" alt=\"\" \/><\/a>\n\t\t\t<\/div><\/figure><figure class='gallery-item'>\n\t\t\t<div class='gallery-icon landscape'>\n\t\t\t\t<a href='https:\/\/www.sportomokykla.lt\/vrssm\/wp\/wp-content\/uploads\/2017\/05\/IMG_3269-1.jpg'><img loading=\"lazy\" decoding=\"async\" width=\"150\" height=\"150\" src=\"https:\/\/www.sportomokykla.lt\/vrssm\/wp\/wp-content\/uploads\/2017\/05\/IMG_3269-1-150x150.jpg\" class=\"attachment-thumbnail size-thumbnail\" alt=\"\" \/><\/a>\n\t\t\t<\/div><\/figure><figure class='gallery-item'>\n\t\t\t<div class='gallery-icon landscape'>\n\t\t\t\t<a href='https:\/\/www.sportomokykla.lt\/vrssm\/wp\/wp-content\/uploads\/2017\/05\/IMG_3278-1.jpg'><img loading=\"lazy\" decoding=\"async\" width=\"150\" height=\"150\" src=\"https:\/\/www.sportomokykla.lt\/vrssm\/wp\/wp-content\/uploads\/2017\/05\/IMG_3278-1-150x150.jpg\" class=\"attachment-thumbnail size-thumbnail\" alt=\"\" \/><\/a>\n\t\t\t<\/div><\/figure><figure class='gallery-item'>\n\t\t\t<div class='gallery-icon landscape'>\n\t\t\t\t<a href='https:\/\/www.sportomokykla.lt\/vrssm\/wp\/wp-content\/uploads\/2017\/05\/IMG_3289-1.jpg'><img loading=\"lazy\" decoding=\"async\" width=\"150\" height=\"150\" src=\"https:\/\/www.sportomokykla.lt\/vrssm\/wp\/wp-content\/uploads\/2017\/05\/IMG_3289-1-150x150.jpg\" class=\"attachment-thumbnail size-thumbnail\" alt=\"\" \/><\/a>\n\t\t\t<\/div><\/figure><figure class='gallery-item'>\n\t\t\t<div class='gallery-icon landscape'>\n\t\t\t\t<a href='https:\/\/www.sportomokykla.lt\/vrssm\/wp\/wp-content\/uploads\/2017\/05\/IMG_3292-1.jpg'><img loading=\"lazy\" decoding=\"async\" width=\"150\" height=\"150\" src=\"https:\/\/www.sportomokykla.lt\/vrssm\/wp\/wp-content\/uploads\/2017\/05\/IMG_3292-1-150x150.jpg\" class=\"attachment-thumbnail size-thumbnail\" alt=\"\" \/><\/a>\n\t\t\t<\/div><\/figure><figure class='gallery-item'>\n\t\t\t<div class='gallery-icon landscape'>\n\t\t\t\t<a href='https:\/\/www.sportomokykla.lt\/vrssm\/wp\/wp-content\/uploads\/2017\/05\/IMG_3300-1.jpg'><img loading=\"lazy\" decoding=\"async\" width=\"150\" height=\"150\" src=\"https:\/\/www.sportomokykla.lt\/vrssm\/wp\/wp-content\/uploads\/2017\/05\/IMG_3300-1-150x150.jpg\" class=\"attachment-thumbnail size-thumbnail\" alt=\"\" \/><\/a>\n\t\t\t<\/div><\/figure><figure class='gallery-item'>\n\t\t\t<div class='gallery-icon landscape'>\n\t\t\t\t<a href='https:\/\/www.sportomokykla.lt\/vrssm\/wp\/wp-content\/uploads\/2017\/05\/IMG_3305-1.jpg'><img loading=\"lazy\" decoding=\"async\" width=\"150\" height=\"150\" src=\"https:\/\/www.sportomokykla.lt\/vrssm\/wp\/wp-content\/uploads\/2017\/05\/IMG_3305-1-150x150.jpg\" class=\"attachment-thumbnail size-thumbnail\" alt=\"\" \/><\/a>\n\t\t\t<\/div><\/figure>\n\t\t<\/div>\n\n","protected":false},"excerpt":{"rendered":"<p>W dniu 14 maja na lewobocznej od rzeki Wilia cz\u0119\u015bci miasteczka Niemenczyn by\u0142o kolorowo od prawie 400 stroj\u00f3w rowerzyst\u00f3w w wieku od 2 do 78 lat, kt\u00f3rzy przybyli do Niemenczyna z Polski, Rosji, Bia\u0142orusi i Litwy, aby wzi\u0105\u0107 udzia\u0142 w III Mi\u0119dzynarodowym MTB maratonie \u201eWilia\u201d. MTB maraton rowerowy \u201eWilia\u201d jest jednym z 16 maraton\u00f3w kresowych [&hellip;]<\/p>\n","protected":false},"author":1,"featured_media":2403,"comment_status":"closed","ping_status":"closed","sticky":false,"template":"","format":"standard","meta":{"footnotes":""},"categories":[7,31],"tags":[],"class_list":["post-2415","post","type-post","status-publish","format-standard","has-post-thumbnail","hentry","category-aktualia","category-imprezy"],"_links":{"self":[{"href":"https:\/\/www.sportomokykla.lt\/index.php?rest_route=\/wp\/v2\/posts\/2415","targetHints":{"allow":["GET"]}}],"collection":[{"href":"https:\/\/www.sportomokykla.lt\/index.php?rest_route=\/wp\/v2\/posts"}],"about":[{"href":"https:\/\/www.sportomokykla.lt\/index.php?rest_route=\/wp\/v2\/types\/post"}],"author":[{"embeddable":true,"href":"https:\/\/www.sportomokykla.lt\/index.php?rest_route=\/wp\/v2\/users\/1"}],"replies":[{"embeddable":true,"href":"https:\/\/www.sportomokykla.lt\/index.php?rest_route=%2Fwp%2Fv2%2Fcomments&post=2415"}],"version-history":[{"count":4,"href":"https:\/\/www.sportomokykla.lt\/index.php?rest_route=\/wp\/v2\/posts\/2415\/revisions"}],"predecessor-version":[{"id":2443,"href":"https:\/\/www.sportomokykla.lt\/index.php?rest_route=\/wp\/v2\/posts\/2415\/revisions\/2443"}],"wp:featuredmedia":[{"embeddable":true,"href":"https:\/\/www.sportomokykla.lt\/index.php?rest_route=\/wp\/v2\/media\/2403"}],"wp:attachment":[{"href":"https:\/\/www.sportomokykla.lt\/index.php?rest_route=%2Fwp%2Fv2%2Fmedia&parent=2415"}],"wp:term":[{"taxonomy":"category","embeddable":true,"href":"https:\/\/www.sportomokykla.lt\/index.php?rest_route=%2Fwp%2Fv2%2Fcategories&post=2415"},{"taxonomy":"post_tag","embeddable":true,"href":"https:\/\/www.sportomokykla.lt\/index.php?rest_route=%2Fwp%2Fv2%2Ftags&post=2415"}],"curies":[{"name":"wp","href":"https:\/\/api.w.org\/{rel}","templated":true}]}}