{"id":2753,"date":"2017-07-10T13:04:03","date_gmt":"2017-07-10T10:04:03","guid":{"rendered":"http:\/\/www.sportomokykla.lt\/?p=2753"},"modified":"2017-07-10T13:05:28","modified_gmt":"2017-07-10T10:05:28","slug":"2-miejsce-romualda-aleksandrowa-na-rowerowych-zawodach-w-goldapi","status":"publish","type":"post","link":"https:\/\/www.sportomokykla.lt\/?p=2753&lang=pl","title":{"rendered":"2 miejsce Romualda Aleksandrowa na rowerowych zawodach w Go\u0142dapi"},"content":{"rendered":"<p>W dniu 9 lipca w Go\u0142dapi odby\u0142a si\u0119 8 edycja z 16 planowanych Maraton\u00f3w Krsowych MTB pod has\u0142em \u201ePasja \u2013 Var\u017eybos \u2013 \u0414\u0440\u0443\u0436\u0431\u0430\u201d. W maju miesi\u0105cu 4 edycja \u201eMaraton\u00f3w kresowych\u201d go\u015bci\u0142a na Litwie w Niemenczynie.<\/p>\n<p>W rowerowych zawodach w Go\u0142dapi udzia\u0142 wzi\u0119\u0142a 4-osobowa grupa sportowc\u00f3w z Rejonu Wile\u0144skiego. Najlepiej powodzi\u0142o si\u0119 Romualdowi Aleksandrowowi w Mini maratonie na dystansie 8,6 km. Romuald 6 km jecha\u0142 w\u015br\u00f3d lider\u00f3w, ale potem prowadz\u0105cy pomyli\u0142 si\u0119 na trasie i pojecha\u0142 w nieprawid\u0142owym kierunku. Gdy to zauwa\u017cy\u0142, zacz\u0105\u0142 ostro hamowa\u0107, co spowodowa\u0142o korek na w\u0105skim zje\u017adzie. Zawodnicy stracili troch\u0119 czasu, p\u00f3ki wr\u00f3cili na dystans i zostali wyprzedzeni przez rowerzyst\u00f3w, jad\u0105cych z ty\u0142u. Ostatnie 3 km do mety Romek mocno ciska\u0142 na peda\u0142y, jednak nie uda\u0142o si\u0119 wyprzedzi\u0107 wszystkich i na mecie zaj\u0105\u0142 2 miejsce, ust\u0119puj\u0105c dla Bia\u0142orusina zaledwie sekund\u0119. Romuald Aleksandrow 8,6 km pokona\u0142 za 15 min. 41 sek.<\/p>\n<p>Wiktoria Romanowa i Kamile Jakubauskaite startowa\u0142y w grupie M\u0142odziczek na dystansie Mini maratonu. Wiktoria 8,6 km pokona\u0142a za 18 min. 16 sek. i zaj\u0119\u0142a 4 miejsce, ust\u0119puj\u0105c do trzeciego zaledwie 5 sekund. Kamile Jakubauskaite po pokonaniu mostku przez rzeczk\u0119 spad\u0142a z roweru i dozna\u0142a obra\u017ce\u0144, ale dojecha\u0142a do mety finiszuj\u0105c na 5 miejscu z wynikiem 18 min. 30 sek.<\/p>\n<p>Gratulujemy Romualdowi i \u017cyczymy sukces\u00f3w w przysz\u0142o\u015b\u0107.<\/p>\n<p style=\"text-align: right;\">Dyrektor Szko\u0142y Sportowej<br \/>\nSamorz\u0105du Rejonu Wile\u0144skiego Marian Kaczanowski<\/p>\n<div id='gallery-1' class='gallery galleryid-2753 gallery-columns-3 gallery-size-thumbnail'><figure class='gallery-item'>\n\t\t\t<div class='gallery-icon landscape'>\n\t\t\t\t<a href='https:\/\/www.sportomokykla.lt\/vrssm\/wp\/wp-content\/uploads\/2017\/07\/IMG_3494-1.jpg'><img loading=\"lazy\" decoding=\"async\" width=\"150\" height=\"150\" src=\"https:\/\/www.sportomokykla.lt\/vrssm\/wp\/wp-content\/uploads\/2017\/07\/IMG_3494-1-150x150.jpg\" class=\"attachment-thumbnail size-thumbnail\" alt=\"\" \/><\/a>\n\t\t\t<\/div><\/figure><figure class='gallery-item'>\n\t\t\t<div class='gallery-icon landscape'>\n\t\t\t\t<a href='https:\/\/www.sportomokykla.lt\/vrssm\/wp\/wp-content\/uploads\/2017\/07\/IMG_3497-1.jpg'><img loading=\"lazy\" decoding=\"async\" width=\"150\" height=\"150\" src=\"https:\/\/www.sportomokykla.lt\/vrssm\/wp\/wp-content\/uploads\/2017\/07\/IMG_3497-1-150x150.jpg\" class=\"attachment-thumbnail size-thumbnail\" alt=\"\" \/><\/a>\n\t\t\t<\/div><\/figure><figure class='gallery-item'>\n\t\t\t<div class='gallery-icon landscape'>\n\t\t\t\t<a href='https:\/\/www.sportomokykla.lt\/vrssm\/wp\/wp-content\/uploads\/2017\/07\/IMG_3500-1.jpg'><img loading=\"lazy\" decoding=\"async\" width=\"150\" height=\"150\" src=\"https:\/\/www.sportomokykla.lt\/vrssm\/wp\/wp-content\/uploads\/2017\/07\/IMG_3500-1-150x150.jpg\" class=\"attachment-thumbnail size-thumbnail\" alt=\"\" \/><\/a>\n\t\t\t<\/div><\/figure><figure class='gallery-item'>\n\t\t\t<div class='gallery-icon landscape'>\n\t\t\t\t<a href='https:\/\/www.sportomokykla.lt\/vrssm\/wp\/wp-content\/uploads\/2017\/07\/IMG_3503-1.jpg'><img loading=\"lazy\" decoding=\"async\" width=\"150\" height=\"150\" src=\"https:\/\/www.sportomokykla.lt\/vrssm\/wp\/wp-content\/uploads\/2017\/07\/IMG_3503-1-150x150.jpg\" class=\"attachment-thumbnail size-thumbnail\" alt=\"\" \/><\/a>\n\t\t\t<\/div><\/figure><figure class='gallery-item'>\n\t\t\t<div class='gallery-icon landscape'>\n\t\t\t\t<a href='https:\/\/www.sportomokykla.lt\/vrssm\/wp\/wp-content\/uploads\/2017\/07\/IMG_3512-1.jpg'><img loading=\"lazy\" decoding=\"async\" width=\"150\" height=\"150\" src=\"https:\/\/www.sportomokykla.lt\/vrssm\/wp\/wp-content\/uploads\/2017\/07\/IMG_3512-1-150x150.jpg\" class=\"attachment-thumbnail size-thumbnail\" alt=\"\" \/><\/a>\n\t\t\t<\/div><\/figure><figure class='gallery-item'>\n\t\t\t<div class='gallery-icon landscape'>\n\t\t\t\t<a href='https:\/\/www.sportomokykla.lt\/vrssm\/wp\/wp-content\/uploads\/2017\/07\/received_1260566130738676-1.jpg'><img loading=\"lazy\" decoding=\"async\" width=\"150\" height=\"150\" src=\"https:\/\/www.sportomokykla.lt\/vrssm\/wp\/wp-content\/uploads\/2017\/07\/received_1260566130738676-1-150x150.jpg\" class=\"attachment-thumbnail size-thumbnail\" alt=\"\" \/><\/a>\n\t\t\t<\/div><\/figure>\n\t\t<\/div>\n\n","protected":false},"excerpt":{"rendered":"<p>W dniu 9 lipca w Go\u0142dapi odby\u0142a si\u0119 8 edycja z 16 planowanych Maraton\u00f3w Krsowych MTB pod has\u0142em \u201ePasja \u2013 Var\u017eybos \u2013 \u0414\u0440\u0443\u0436\u0431\u0430\u201d. W maju miesi\u0105cu 4 edycja \u201eMaraton\u00f3w kresowych\u201d go\u015bci\u0142a na Litwie w Niemenczynie. W rowerowych zawodach w Go\u0142dapi udzia\u0142 wzi\u0119\u0142a 4-osobowa grupa sportowc\u00f3w z Rejonu Wile\u0144skiego. Najlepiej powodzi\u0142o si\u0119 Romualdowi Aleksandrowowi w Mini [&hellip;]<\/p>\n","protected":false},"author":1,"featured_media":2751,"comment_status":"closed","ping_status":"closed","sticky":false,"template":"","format":"standard","meta":{"footnotes":""},"categories":[7,12],"tags":[],"class_list":["post-2753","post","type-post","status-publish","format-standard","has-post-thumbnail","hentry","category-aktualia","category-zawody"],"_links":{"self":[{"href":"https:\/\/www.sportomokykla.lt\/index.php?rest_route=\/wp\/v2\/posts\/2753","targetHints":{"allow":["GET"]}}],"collection":[{"href":"https:\/\/www.sportomokykla.lt\/index.php?rest_route=\/wp\/v2\/posts"}],"about":[{"href":"https:\/\/www.sportomokykla.lt\/index.php?rest_route=\/wp\/v2\/types\/post"}],"author":[{"embeddable":true,"href":"https:\/\/www.sportomokykla.lt\/index.php?rest_route=\/wp\/v2\/users\/1"}],"replies":[{"embeddable":true,"href":"https:\/\/www.sportomokykla.lt\/index.php?rest_route=%2Fwp%2Fv2%2Fcomments&post=2753"}],"version-history":[{"count":2,"href":"https:\/\/www.sportomokykla.lt\/index.php?rest_route=\/wp\/v2\/posts\/2753\/revisions"}],"predecessor-version":[{"id":2763,"href":"https:\/\/www.sportomokykla.lt\/index.php?rest_route=\/wp\/v2\/posts\/2753\/revisions\/2763"}],"wp:featuredmedia":[{"embeddable":true,"href":"https:\/\/www.sportomokykla.lt\/index.php?rest_route=\/wp\/v2\/media\/2751"}],"wp:attachment":[{"href":"https:\/\/www.sportomokykla.lt\/index.php?rest_route=%2Fwp%2Fv2%2Fmedia&parent=2753"}],"wp:term":[{"taxonomy":"category","embeddable":true,"href":"https:\/\/www.sportomokykla.lt\/index.php?rest_route=%2Fwp%2Fv2%2Fcategories&post=2753"},{"taxonomy":"post_tag","embeddable":true,"href":"https:\/\/www.sportomokykla.lt\/index.php?rest_route=%2Fwp%2Fv2%2Ftags&post=2753"}],"curies":[{"name":"wp","href":"https:\/\/api.w.org\/{rel}","templated":true}]}}