{"id":2936,"date":"2017-09-07T13:15:32","date_gmt":"2017-09-07T10:15:32","guid":{"rendered":"http:\/\/www.sportomokykla.lt\/?p=2936"},"modified":"2019-05-21T16:55:44","modified_gmt":"2019-05-21T13:55:44","slug":"uroczyste-otwarcie-strzelnicy-biathlonowej-szkoly-sportowej-samorzadu-rejonu-wilenskiego","status":"publish","type":"post","link":"https:\/\/www.sportomokykla.lt\/?p=2936&lang=pl","title":{"rendered":"Uroczyste otwarcie strzelnicy biathlonowej Szko\u0142y Sportowej  Samorz\u0105du Rejonu Wile\u0144skiego"},"content":{"rendered":"<p style=\"text-align: left;\">Zapraszamy <strong>wszystkich ch\u0119tnych<\/strong>\u00a0na uroczyste otwarcie strzelnicy Szko\u0142y Sportowej Samorz\u0105du Rejonu Wile\u0144skiego, kt\u00f3re odb\u0119dzie si\u0119 14 wrze\u015bnia 2017 roku, o godz. 13.30 w Niemenczynie przy ul. Kalno 16 b (obok Centrum Szkolenia Bojowego im. Genera\u0142a A. Ramanauskasa).<\/p>\n<p style=\"text-align: left;\">\u00a0.<\/p>\n<p style=\"text-align: right;\">Z szacunkiem,<br \/>\nAdministracja Szko\u0142y sportowej<br \/>\nSamorz\u0105du Rejonu Wile\u0144skiego<\/p>\n<div id='gallery-1' class='gallery galleryid-2936 gallery-columns-1 gallery-size-medium'><figure class='gallery-item'>\n\t\t\t<div class='gallery-icon landscape'>\n\t\t\t\t<a href='https:\/\/www.sportomokykla.lt\/vrssm\/wp\/wp-content\/uploads\/2017\/09\/Schowek02-1.png'><img loading=\"lazy\" decoding=\"async\" width=\"300\" height=\"209\" src=\"https:\/\/www.sportomokykla.lt\/vrssm\/wp\/wp-content\/uploads\/2017\/09\/Schowek02-1-300x209.png\" class=\"attachment-medium size-medium\" alt=\"\" srcset=\"https:\/\/www.sportomokykla.lt\/vrssm\/wp\/wp-content\/uploads\/2017\/09\/Schowek02-1-300x209.png 300w, https:\/\/www.sportomokykla.lt\/vrssm\/wp\/wp-content\/uploads\/2017\/09\/Schowek02-1-768x535.png 768w, https:\/\/www.sportomokykla.lt\/vrssm\/wp\/wp-content\/uploads\/2017\/09\/Schowek02-1.png 1024w\" sizes=\"auto, (max-width: 300px) 100vw, 300px\" \/><\/a>\n\t\t\t<\/div><\/figure>\n\t\t<\/div>\n\n<h5 style=\"text-align: center;\"><span style=\"color: #008080;\"><strong><a style=\"color: #008080;\" href=\"http:\/\/www.sportomokykla.lt\/vrssm\/wp\/wp-content\/uploads\/2017\/09\/Regulamin-zawod\u00f3w-w-biegach-prze\u0142ajowych-o-Puchar-Mer-Rejonu-Wile\u0144skiego.-Niemenczyn-2017-09-14.pdf\">Regulamin zawod\u00f3w w biegach prze\u0142ajowych o Puchar Mer Rejonu Wile\u0144skiego. Niemenczyn, 2017-09-14<\/a><\/strong><\/span><\/h5>\n","protected":false},"excerpt":{"rendered":"<p>Zapraszamy wszystkich ch\u0119tnych\u00a0na uroczyste otwarcie strzelnicy Szko\u0142y Sportowej Samorz\u0105du Rejonu Wile\u0144skiego, kt\u00f3re odb\u0119dzie si\u0119 14 wrze\u015bnia 2017 roku, o godz. 13.30 w Niemenczynie przy ul. Kalno 16 b (obok Centrum Szkolenia Bojowego im. Genera\u0142a A. Ramanauskasa). \u00a0. Z szacunkiem, Administracja Szko\u0142y sportowej Samorz\u0105du Rejonu Wile\u0144skiego Regulamin zawod\u00f3w w biegach prze\u0142ajowych o Puchar Mer Rejonu Wile\u0144skiego. [&hellip;]<\/p>\n","protected":false},"author":1,"featured_media":3036,"comment_status":"closed","ping_status":"closed","sticky":false,"template":"","format":"standard","meta":{"footnotes":""},"categories":[7,31],"tags":[],"class_list":["post-2936","post","type-post","status-publish","format-standard","has-post-thumbnail","hentry","category-aktualia","category-imprezy"],"_links":{"self":[{"href":"https:\/\/www.sportomokykla.lt\/index.php?rest_route=\/wp\/v2\/posts\/2936","targetHints":{"allow":["GET"]}}],"collection":[{"href":"https:\/\/www.sportomokykla.lt\/index.php?rest_route=\/wp\/v2\/posts"}],"about":[{"href":"https:\/\/www.sportomokykla.lt\/index.php?rest_route=\/wp\/v2\/types\/post"}],"author":[{"embeddable":true,"href":"https:\/\/www.sportomokykla.lt\/index.php?rest_route=\/wp\/v2\/users\/1"}],"replies":[{"embeddable":true,"href":"https:\/\/www.sportomokykla.lt\/index.php?rest_route=%2Fwp%2Fv2%2Fcomments&post=2936"}],"version-history":[{"count":3,"href":"https:\/\/www.sportomokykla.lt\/index.php?rest_route=\/wp\/v2\/posts\/2936\/revisions"}],"predecessor-version":[{"id":2953,"href":"https:\/\/www.sportomokykla.lt\/index.php?rest_route=\/wp\/v2\/posts\/2936\/revisions\/2953"}],"wp:featuredmedia":[{"embeddable":true,"href":"https:\/\/www.sportomokykla.lt\/index.php?rest_route=\/wp\/v2\/media\/3036"}],"wp:attachment":[{"href":"https:\/\/www.sportomokykla.lt\/index.php?rest_route=%2Fwp%2Fv2%2Fmedia&parent=2936"}],"wp:term":[{"taxonomy":"category","embeddable":true,"href":"https:\/\/www.sportomokykla.lt\/index.php?rest_route=%2Fwp%2Fv2%2Fcategories&post=2936"},{"taxonomy":"post_tag","embeddable":true,"href":"https:\/\/www.sportomokykla.lt\/index.php?rest_route=%2Fwp%2Fv2%2Ftags&post=2936"}],"curies":[{"name":"wp","href":"https:\/\/api.w.org\/{rel}","templated":true}]}}