{"id":3231,"date":"2017-10-09T23:05:46","date_gmt":"2017-10-09T20:05:46","guid":{"rendered":"http:\/\/www.sportomokykla.lt\/?p=3231"},"modified":"2017-10-10T10:21:45","modified_gmt":"2017-10-10T07:21:45","slug":"medale-biatlonistow-z-niemenczyna-na-narciarskich-mistrzostwach-litwy-w-ignalinie","status":"publish","type":"post","link":"https:\/\/www.sportomokykla.lt\/?p=3231&lang=pl","title":{"rendered":"Medale biatlonist\u00f3w z Niemenczyna na Narciarskich Mistrzostwach Litwy w Ignalinie"},"content":{"rendered":"<p>W dniach 6-7 pa\u017adziernika w Ignalinie narciarze z Ignaliny, Onikszt, Wisagini, Uciany, Wilna i Niemenczyna rywalizowali w M\u0142odzie\u017cowych Mistrzostwach Litwy w krosie i na nartorolkach w poszczeg\u00f3lnych grupach wiekowych. W mistrzostwach bardzo dobrze wyst\u0105pili wychowankowie Szko\u0142y Sportowej Samorz\u0105du Rejonu Wile\u0144skiego z Niemenczyna zdobywaj\u0105c 8 medali, w tym 4 z\u0142ote.<\/p>\n<p>W pi\u0105tek narciarze rywalizowali w krosie. Najpierw na starcie 2 km stan\u0119\u0142a Kamile Jakubauskaite w grupie dziewcz\u0105t 2002-2003 r. ur. Kamile od samego pocz\u0105tku wysz\u0142a na prowadzenie. Na p\u00f3\u0142metku mia\u0142a przewag\u0119 w 15 sekund i nie zwalniaj\u0105c tempa biegu samotnie pierwsza przybieg\u0142a na met\u0119, zdobywaj\u0105c z\u0142oty medal M\u0142odzie\u017cowych Mistrzostw Litwy w narciarstwie. Kamile Jakubauskaite pokona\u0142a 2 km za 9 min 36 sek. Marek Griniuk w grupie ch\u0142opc\u00f3w 2003-2002 r. ur. rywalizowa\u0142 na dystansie 3 km. Marek szybko pokonywa\u0142 d\u0142ugie podbiegi, ale nie by\u0142 tak szybki na r\u00f3wninnych odcinkach trasy i na mecie finiszowa\u0142 drugi, zdobywaj\u0105c srebrny medal w narciarstwie, pokonuj\u0105c 3 km za 11min 32 sek. Bardzo ostr\u0105 walk\u0119 o pierwsze miejsce stoczy\u0142 Romuald Aleksandrow w biegu na 5 km w\u015br\u00f3d ch\u0142opc\u00f3w 2000-2001 r. ur. Romuald ca\u0142y dystans bieg\u0142 w\u015br\u00f3d prowadz\u0105cych i tylko na ostatnich metrach przegra\u0142 sprint o 1 miejsce. Romuald Aleksandrow zdoby\u0142 srebrny medal, pokonuj\u0105c 5 km za 21 min. 29 sek.<\/p>\n<p>W drugim dniu zawod\u00f3w narciarze rywalizowali na nartorolkach stylem \u0142y\u017cwowym na dystansach 4, 6, 8 i 10 km. Wiktoria Romanowa i Kamile Jakubauskaite w grupie dziewcz\u0105t 2003-2002 r. ur. rywalizowa\u0142y na dystansie 4 km. Wiktoria i Kamile na zmian\u0119 by\u0142y na prowadzeniu na ca\u0142ej dystancji i tylko na ostatnim podbiegu przed met\u0105 o kilka metr\u00f3w odjecha\u0142a Wiktoria i finiszowa\u0142a pierwsza. Wiktoria Romanowa 4 km pokona\u0142a za 12 min. 02 sek., zdobywaj\u0105c z\u0142oty medal. Kamile Jakubauskaite zdoby\u0142a srebrny medal z wynikiem 12 min. 04 sek. W tej samej grupie ch\u0142opc\u00f3w Marek Griniuk na dystansie 6 km zaj\u0105\u0142 3 miejsce, uzyskuj\u0105c wynik 16 min. 42 sek. Sara Urumowa w grupie dziewcz\u0105t 2000-2001 r. ur. mia\u0142a do pokonania 8 km. Sara po pokonaniu pierwszego 2 kilometrowego kr\u0119gu wysz\u0142a na prowadzenie. Nasza zawodniczka szybko jecha\u0142a na podbiegach i z ka\u017cdym kr\u0119giem zwi\u0119ksza\u0142a przewag\u0119 nad rywalkami samotnie finiszuj\u0105c na pierwszej pozycji z minutow\u0105 przewag\u0105. Sara od 5 miesi\u0119cy w Niemenczynie trenuje biatlon, bardzo szybko progresuje w wynikach i w Ignalinie zdoby\u0142a sw\u00f3j pierwszy z\u0142oty medal na Mistrzostwach Litwy w narciarstwie, pokonuj\u0105c 8 km za 24 min. 25 sek. Najbardziej ostr\u0105 walk\u0119 o z\u0142oty medal stoczy\u0142 Romuald Aleksandrow z przedstawicielem Ignaliny i Onikszt na dystansie 10 km. Od samego startu we tr\u00f3jk\u0119 odjechali od pozosta\u0142ych zawodnik\u00f3w i na zmian\u0119 prowadzili w wy\u015bcigu. Po pokonaniu 2 kr\u0119g\u00f3w po 2 km zacz\u0119li rozrywa\u0107 ma\u0142\u0105 grupk\u0119, ale wszystkie pr\u00f3by by\u0142y nieskuteczne. Po pokonaniu 8 km Romuald jeszcze raz pr\u00f3bowa\u0142 uciec od rywali, ale nie bardzo to uda\u0142o si\u0119. W plecy sapa\u0142 Paulius Januskevicius z Onikszt, a w 5 metrach jecha\u0142 Jokubas Mackine z Ignaliny. Za 400 metr\u00f3w do mety Romuald mia\u0142 4 metry przewagi nad przedstawicielem Onikszt, kt\u00f3r\u0105 utrzyma\u0142 do mety. Romuald Aleksandrow 10 km pokona\u0142 za 24 min. 43 sek. i zdoby\u0142 z\u0142oty medal M\u0142odzie\u017cowych Mistrzostw Litwy.<\/p>\n<p>Gratulujemy naszym Sportowcom i \u017cyczymy udanych start\u00f3w zim\u0105.<\/p>\n<p style=\"text-align: right;\">Dyrektor Szko\u0142y Sportowej<br \/>\nSamorz\u0105du Rejonu Wile\u0144skiego Marian Kaczanowski<\/p>\n<div id='gallery-1' class='gallery galleryid-3231 gallery-columns-4 gallery-size-thumbnail'><figure class='gallery-item'>\n\t\t\t<div class='gallery-icon landscape'>\n\t\t\t\t<a href='https:\/\/www.sportomokykla.lt\/vrssm\/wp\/wp-content\/uploads\/2017\/10\/IMG_4031-1.jpg'><img loading=\"lazy\" decoding=\"async\" width=\"150\" height=\"150\" src=\"https:\/\/www.sportomokykla.lt\/vrssm\/wp\/wp-content\/uploads\/2017\/10\/IMG_4031-1-150x150.jpg\" class=\"attachment-thumbnail size-thumbnail\" alt=\"\" \/><\/a>\n\t\t\t<\/div><\/figure><figure class='gallery-item'>\n\t\t\t<div class='gallery-icon landscape'>\n\t\t\t\t<a href='https:\/\/www.sportomokykla.lt\/vrssm\/wp\/wp-content\/uploads\/2017\/10\/IMG_4028.jpg'><img loading=\"lazy\" decoding=\"async\" width=\"150\" height=\"150\" src=\"https:\/\/www.sportomokykla.lt\/vrssm\/wp\/wp-content\/uploads\/2017\/10\/IMG_4028-150x150.jpg\" class=\"attachment-thumbnail size-thumbnail\" alt=\"\" \/><\/a>\n\t\t\t<\/div><\/figure><figure class='gallery-item'>\n\t\t\t<div class='gallery-icon landscape'>\n\t\t\t\t<a href='https:\/\/www.sportomokykla.lt\/vrssm\/wp\/wp-content\/uploads\/2017\/10\/IMG_4062-1.jpg'><img loading=\"lazy\" decoding=\"async\" width=\"150\" height=\"150\" src=\"https:\/\/www.sportomokykla.lt\/vrssm\/wp\/wp-content\/uploads\/2017\/10\/IMG_4062-1-150x150.jpg\" class=\"attachment-thumbnail size-thumbnail\" alt=\"\" \/><\/a>\n\t\t\t<\/div><\/figure><figure class='gallery-item'>\n\t\t\t<div class='gallery-icon landscape'>\n\t\t\t\t<a href='https:\/\/www.sportomokykla.lt\/vrssm\/wp\/wp-content\/uploads\/2017\/10\/IMG_4049.jpg'><img loading=\"lazy\" decoding=\"async\" width=\"150\" height=\"150\" src=\"https:\/\/www.sportomokykla.lt\/vrssm\/wp\/wp-content\/uploads\/2017\/10\/IMG_4049-150x150.jpg\" class=\"attachment-thumbnail size-thumbnail\" alt=\"\" \/><\/a>\n\t\t\t<\/div><\/figure><figure class='gallery-item'>\n\t\t\t<div class='gallery-icon landscape'>\n\t\t\t\t<a href='https:\/\/www.sportomokykla.lt\/vrssm\/wp\/wp-content\/uploads\/2017\/10\/IMG_4050.jpg'><img loading=\"lazy\" decoding=\"async\" width=\"150\" height=\"150\" src=\"https:\/\/www.sportomokykla.lt\/vrssm\/wp\/wp-content\/uploads\/2017\/10\/IMG_4050-150x150.jpg\" class=\"attachment-thumbnail size-thumbnail\" alt=\"\" \/><\/a>\n\t\t\t<\/div><\/figure><figure class='gallery-item'>\n\t\t\t<div class='gallery-icon landscape'>\n\t\t\t\t<a href='https:\/\/www.sportomokykla.lt\/vrssm\/wp\/wp-content\/uploads\/2017\/10\/IMG_4056.jpg'><img loading=\"lazy\" decoding=\"async\" width=\"150\" height=\"150\" src=\"https:\/\/www.sportomokykla.lt\/vrssm\/wp\/wp-content\/uploads\/2017\/10\/IMG_4056-150x150.jpg\" class=\"attachment-thumbnail size-thumbnail\" alt=\"\" \/><\/a>\n\t\t\t<\/div><\/figure><figure class='gallery-item'>\n\t\t\t<div class='gallery-icon landscape'>\n\t\t\t\t<a href='https:\/\/www.sportomokykla.lt\/vrssm\/wp\/wp-content\/uploads\/2017\/10\/IMG_4057.jpg'><img loading=\"lazy\" decoding=\"async\" width=\"150\" height=\"150\" src=\"https:\/\/www.sportomokykla.lt\/vrssm\/wp\/wp-content\/uploads\/2017\/10\/IMG_4057-150x150.jpg\" class=\"attachment-thumbnail size-thumbnail\" alt=\"\" \/><\/a>\n\t\t\t<\/div><\/figure><figure class='gallery-item'>\n\t\t\t<div class='gallery-icon landscape'>\n\t\t\t\t<a href='https:\/\/www.sportomokykla.lt\/vrssm\/wp\/wp-content\/uploads\/2017\/10\/IMG_4068-1.jpg'><img loading=\"lazy\" decoding=\"async\" width=\"150\" height=\"150\" src=\"https:\/\/www.sportomokykla.lt\/vrssm\/wp\/wp-content\/uploads\/2017\/10\/IMG_4068-1-150x150.jpg\" class=\"attachment-thumbnail size-thumbnail\" alt=\"\" \/><\/a>\n\t\t\t<\/div><\/figure><figure class='gallery-item'>\n\t\t\t<div class='gallery-icon landscape'>\n\t\t\t\t<a href='https:\/\/www.sportomokykla.lt\/vrssm\/wp\/wp-content\/uploads\/2017\/10\/IMG_4074-2.jpg'><img loading=\"lazy\" decoding=\"async\" width=\"150\" height=\"150\" src=\"https:\/\/www.sportomokykla.lt\/vrssm\/wp\/wp-content\/uploads\/2017\/10\/IMG_4074-2-150x150.jpg\" class=\"attachment-thumbnail size-thumbnail\" alt=\"\" \/><\/a>\n\t\t\t<\/div><\/figure><figure class='gallery-item'>\n\t\t\t<div class='gallery-icon landscape'>\n\t\t\t\t<a href='https:\/\/www.sportomokykla.lt\/vrssm\/wp\/wp-content\/uploads\/2017\/10\/IMG_4063.jpg'><img loading=\"lazy\" decoding=\"async\" width=\"150\" height=\"150\" src=\"https:\/\/www.sportomokykla.lt\/vrssm\/wp\/wp-content\/uploads\/2017\/10\/IMG_4063-150x150.jpg\" class=\"attachment-thumbnail size-thumbnail\" alt=\"\" \/><\/a>\n\t\t\t<\/div><\/figure><figure class='gallery-item'>\n\t\t\t<div class='gallery-icon landscape'>\n\t\t\t\t<a href='https:\/\/www.sportomokykla.lt\/vrssm\/wp\/wp-content\/uploads\/2017\/10\/IMG_4066.jpg'><img loading=\"lazy\" decoding=\"async\" width=\"150\" height=\"150\" src=\"https:\/\/www.sportomokykla.lt\/vrssm\/wp\/wp-content\/uploads\/2017\/10\/IMG_4066-150x150.jpg\" class=\"attachment-thumbnail size-thumbnail\" alt=\"\" \/><\/a>\n\t\t\t<\/div><\/figure><figure class='gallery-item'>\n\t\t\t<div class='gallery-icon landscape'>\n\t\t\t\t<a href='https:\/\/www.sportomokykla.lt\/vrssm\/wp\/wp-content\/uploads\/2017\/10\/IMG_4077.jpg'><img loading=\"lazy\" decoding=\"async\" width=\"150\" height=\"150\" src=\"https:\/\/www.sportomokykla.lt\/vrssm\/wp\/wp-content\/uploads\/2017\/10\/IMG_4077-150x150.jpg\" class=\"attachment-thumbnail size-thumbnail\" alt=\"\" \/><\/a>\n\t\t\t<\/div><\/figure>\n\t\t<\/div>\n\n","protected":false},"excerpt":{"rendered":"<p>W dniach 6-7 pa\u017adziernika w Ignalinie narciarze z Ignaliny, Onikszt, Wisagini, Uciany, Wilna i Niemenczyna rywalizowali w M\u0142odzie\u017cowych Mistrzostwach Litwy w krosie i na nartorolkach w poszczeg\u00f3lnych grupach wiekowych. W mistrzostwach bardzo dobrze wyst\u0105pili wychowankowie Szko\u0142y Sportowej Samorz\u0105du Rejonu Wile\u0144skiego z Niemenczyna zdobywaj\u0105c 8 medali, w tym 4 z\u0142ote. W pi\u0105tek narciarze rywalizowali w krosie. [&hellip;]<\/p>\n","protected":false},"author":1,"featured_media":3232,"comment_status":"closed","ping_status":"closed","sticky":false,"template":"","format":"standard","meta":{"footnotes":""},"categories":[7,50],"tags":[],"class_list":["post-3231","post","type-post","status-publish","format-standard","has-post-thumbnail","hentry","category-aktualia","category-mistrzostwa"],"_links":{"self":[{"href":"https:\/\/www.sportomokykla.lt\/index.php?rest_route=\/wp\/v2\/posts\/3231","targetHints":{"allow":["GET"]}}],"collection":[{"href":"https:\/\/www.sportomokykla.lt\/index.php?rest_route=\/wp\/v2\/posts"}],"about":[{"href":"https:\/\/www.sportomokykla.lt\/index.php?rest_route=\/wp\/v2\/types\/post"}],"author":[{"embeddable":true,"href":"https:\/\/www.sportomokykla.lt\/index.php?rest_route=\/wp\/v2\/users\/1"}],"replies":[{"embeddable":true,"href":"https:\/\/www.sportomokykla.lt\/index.php?rest_route=%2Fwp%2Fv2%2Fcomments&post=3231"}],"version-history":[{"count":3,"href":"https:\/\/www.sportomokykla.lt\/index.php?rest_route=\/wp\/v2\/posts\/3231\/revisions"}],"predecessor-version":[{"id":3269,"href":"https:\/\/www.sportomokykla.lt\/index.php?rest_route=\/wp\/v2\/posts\/3231\/revisions\/3269"}],"wp:featuredmedia":[{"embeddable":true,"href":"https:\/\/www.sportomokykla.lt\/index.php?rest_route=\/wp\/v2\/media\/3232"}],"wp:attachment":[{"href":"https:\/\/www.sportomokykla.lt\/index.php?rest_route=%2Fwp%2Fv2%2Fmedia&parent=3231"}],"wp:term":[{"taxonomy":"category","embeddable":true,"href":"https:\/\/www.sportomokykla.lt\/index.php?rest_route=%2Fwp%2Fv2%2Fcategories&post=3231"},{"taxonomy":"post_tag","embeddable":true,"href":"https:\/\/www.sportomokykla.lt\/index.php?rest_route=%2Fwp%2Fv2%2Ftags&post=3231"}],"curies":[{"name":"wp","href":"https:\/\/api.w.org\/{rel}","templated":true}]}}