{"id":3486,"date":"2017-11-21T20:42:02","date_gmt":"2017-11-21T18:42:02","guid":{"rendered":"http:\/\/www.sportomokykla.lt\/?p=3486"},"modified":"2017-11-21T20:42:54","modified_gmt":"2017-11-21T18:42:54","slug":"znakomity-start-karola-dabrowskiego-w-norwegii","status":"publish","type":"post","link":"https:\/\/www.sportomokykla.lt\/?p=3486&lang=pl","title":{"rendered":"Znakomity start Karola D\u0105browskiego w Norwegii"},"content":{"rendered":"<p>W dniu 19 listopada w norweskim Sjusjoen biatloni\u015bci rywalizowali w masstarcie na dystansie 15 km ze strzelaniem 2 razy le\u017c\u0105c i 2 razy stoj\u0105c. W zawodach wzi\u0119\u0142o udzia\u0142 112 zawodnik\u00f3w, podzielonych na 2 grupy. W pierwszej startowa\u0142o 40 os\u00f3b z Martinem Fourcadem na czele. Karol D\u0105browski i pozostali litewscy biatloni\u015bci startowali w drugiej, 72-osobowej grupie. Karol dobrze rozpocz\u0105\u0142 wy\u015bcig, ale strzelaj\u0105c le\u017c\u0105c pope\u0142ni\u0142 b\u0142\u0105d i zajmowa\u0142 32 miejsce ze strat\u0105 38 sek. Drugie strzelanie le\u017c\u0105c Karol wykona\u0142 bezb\u0142\u0119dnie i \u015blizgn\u0105\u0142 na 21 pozycji. Na trzecim strzelaniu Niemenczynianin pud\u0142owa\u0142 raz i wspi\u0105\u0142 si\u0119 jeszcze wy\u017cej \u2013 na 15 miejsce. Ostatnie strzelanie wykona\u0142 bardzo szybko, ale musia\u0142 zawita\u0107 na karny kr\u0105g i po pokonaniu dodatkowych 150 metr\u00f3w \u015blizgn\u0105\u0142 12-ty, ust\u0119puj\u0105c liderowi 1 min. 05 sek. ostatnie 3 km do mety Karol D\u0105browski mocno pracowa\u0142 na podbiegach, troch\u0119 odrobi\u0142 strat\u0119 i finiszowa\u0142 na 12 miejscu, pokonuj\u0105c 15 km za 39 min. 21,4 sek.<\/p>\n<p>Vytautas Strolia zaj\u0105\u0142 15 miejsce z czasem 39 min. 32 sek., a Rokas Suslavicius 66, pokonuj\u0105c dystans za 43 min. 37 sek.<\/p>\n<p>Gratulujemy Karolowi i \u017cyczymy sukces\u00f3w.<\/p>\n<p style=\"text-align: right;\">Dyrektor Szko\u0142y Sportowej<br \/>\nSamorz\u0105du Rejonu Wile\u0144skiego Marian Kaczanowski<\/p>\n","protected":false},"excerpt":{"rendered":"<p>W dniu 19 listopada w norweskim Sjusjoen biatloni\u015bci rywalizowali w masstarcie na dystansie 15 km ze strzelaniem 2 razy le\u017c\u0105c i 2 razy stoj\u0105c. W zawodach wzi\u0119\u0142o udzia\u0142 112 zawodnik\u00f3w, podzielonych na 2 grupy. W pierwszej startowa\u0142o 40 os\u00f3b z Martinem Fourcadem na czele. Karol D\u0105browski i pozostali litewscy biatloni\u015bci startowali w drugiej, 72-osobowej grupie. [&hellip;]<\/p>\n","protected":false},"author":1,"featured_media":3485,"comment_status":"closed","ping_status":"closed","sticky":false,"template":"","format":"standard","meta":{"footnotes":""},"categories":[7],"tags":[],"class_list":["post-3486","post","type-post","status-publish","format-standard","has-post-thumbnail","hentry","category-aktualia"],"_links":{"self":[{"href":"https:\/\/www.sportomokykla.lt\/index.php?rest_route=\/wp\/v2\/posts\/3486","targetHints":{"allow":["GET"]}}],"collection":[{"href":"https:\/\/www.sportomokykla.lt\/index.php?rest_route=\/wp\/v2\/posts"}],"about":[{"href":"https:\/\/www.sportomokykla.lt\/index.php?rest_route=\/wp\/v2\/types\/post"}],"author":[{"embeddable":true,"href":"https:\/\/www.sportomokykla.lt\/index.php?rest_route=\/wp\/v2\/users\/1"}],"replies":[{"embeddable":true,"href":"https:\/\/www.sportomokykla.lt\/index.php?rest_route=%2Fwp%2Fv2%2Fcomments&post=3486"}],"version-history":[{"count":2,"href":"https:\/\/www.sportomokykla.lt\/index.php?rest_route=\/wp\/v2\/posts\/3486\/revisions"}],"predecessor-version":[{"id":3488,"href":"https:\/\/www.sportomokykla.lt\/index.php?rest_route=\/wp\/v2\/posts\/3486\/revisions\/3488"}],"wp:featuredmedia":[{"embeddable":true,"href":"https:\/\/www.sportomokykla.lt\/index.php?rest_route=\/wp\/v2\/media\/3485"}],"wp:attachment":[{"href":"https:\/\/www.sportomokykla.lt\/index.php?rest_route=%2Fwp%2Fv2%2Fmedia&parent=3486"}],"wp:term":[{"taxonomy":"category","embeddable":true,"href":"https:\/\/www.sportomokykla.lt\/index.php?rest_route=%2Fwp%2Fv2%2Fcategories&post=3486"},{"taxonomy":"post_tag","embeddable":true,"href":"https:\/\/www.sportomokykla.lt\/index.php?rest_route=%2Fwp%2Fv2%2Ftags&post=3486"}],"curies":[{"name":"wp","href":"https:\/\/api.w.org\/{rel}","templated":true}]}}