{"id":3678,"date":"2017-12-17T15:24:27","date_gmt":"2017-12-17T13:24:27","guid":{"rendered":"http:\/\/www.sportomokykla.lt\/?p=3678"},"modified":"2017-12-19T15:34:45","modified_gmt":"2017-12-19T13:34:45","slug":"kolejne-zwyciestwo-tenisistow-rejonu-wilenskiego","status":"publish","type":"post","link":"https:\/\/www.sportomokykla.lt\/?p=3678&lang=pl","title":{"rendered":"Kolejne zwyci\u0119stwo tenisist\u00f3w Rejonu Wile\u0144skiego"},"content":{"rendered":"<p>W dniu 15 grudnia w\u00a0Solecznikach\u00a0\u00a0odby\u0142y si\u0119 Dru\u017cynowe Mistrzostwa tenisa sto\u0142owego w\u015br\u00f3d rejon\u00f3w Litwy oraz\u00a0\u00a0Olity i K\u0142ajpedy dla grupy wiekowej 2006 roku urodzenia i m\u0142odszych, w kt\u00f3rych uczestniczy\u0142o 8 dru\u017cyn dziewcz\u0105t.<\/p>\n<p>Dru\u017cyna dziewcz\u0105t Rejonu Wile\u0144skiego pokona\u0142a wszystkich rywali i zdoby\u0142a zwyci\u0119skie pierwsze miejsce. Honoru Rejonu Wile\u0144skiego broni\u0142y: \u00a0Diana Tabunowa (2008 r. ur.), Agnie\u0161ka Rackewicz (2007 r. ur.) z Mickun \u2013 trener Mark Waitonis, Gabija Abaravi\u010di\u016bt\u0117 (2007 r. ur.), Jor\u016bn\u0117 Ko\u017eemiakinait\u0117 (2007 r. ur.) z Rzeszy \u2013 trener Aurelija Kybartait\u0117. Ta sama dru\u017cyna dziewcz\u0105t, kt\u00f3ra przed tygodniem odnios\u0142a zwyci\u0119stwo w grupie zawodnik\u00f3w\u00a0\u00a02004 roku urodzenia, obecnie pokona\u0142a dru\u017cyn\u0119 z Janowa (3:0), dru\u017cyn\u0119 z\u00a0\u00a0\u0141o\u017adziej (3:0) dru\u017cyn\u0119 z Wy\u0142kowyszek (3:0) i trafi\u0142a do \u0107wier\u0107fina\u0142u, gdzie zwyci\u0119\u017cy\u0142a dru\u017cyn\u0119 z Olity\u00a0\u00a0(3:0), dru\u017cyn\u0119 z Jezioros\u00f3w (3:0) i dru\u017cyn\u0119 z Solecznik (3:0).<\/p>\n<p>Dru\u017cyna ch\u0142opc\u00f3w, kt\u00f3rej honoru bronili\u00a0\u00a0Edwin Prystawko (2006 r. ur.), Ernest Urbanowicz (2006 r. ur.),\u00a0Nazarij Hrabar (2009 r. ur.) z Mickun \u2013 trener Mark Vaitonis, Dominik Pszczo\u0142owski (2006 r. ur.)\u00a0\u00a0z Zujun, Jonas Romanciu\u0161kas (2007 r. ur.) z Rzeszy, zaj\u0119\u0142a 2 miejsce spo\u015br\u00f3d 9 dru\u017cyn. Dru\u017cyna ch\u0142opc\u00f3w\u00a0\u00a0Rejonu Wile\u0144skiego pokona\u0142a dru\u017cyn\u0119 z\u00a0Janowa\u00a0\u00a0(3:0), dru\u017cyn\u0119 z \u0141o\u017adziej (3:0), dru\u017cyn\u0119 z Jezioras\u00f3w (3:1), dru\u017cyn\u0119 z Wy\u0142kowyszek (3:0). W \u0107wier\u0107finale\u00a0\u00a0zwyci\u0119\u017cy\u0142a dru\u017cyn\u0119 z Szy\u0142okarczmy 3:0, za\u015b w zaci\u0119tej walce o pierwsze miejsce w finale ust\u0105pi\u0142a dru\u017cynie z Solecznik\u00a0\u00a0(2:3) i zdoby\u0142a 2 miejsce.<\/p>\n<p>O ile liczyli\u015bmy na zwyci\u0119stwo dru\u017cyny dziewcz\u0105t, o tyle srebro dru\u017cyny ch\u0142opc\u00f3w by\u0142o ogromn\u0105 niespodziank\u0105!<\/p>\n<p style=\"text-align: right;\">Trener Szko\u0142y Sportowej<br \/>\nSamorz\u0105du Rejonu Wile\u0144skiego<br \/>\nMarkas Waitonis<\/p>\n<div id='gallery-1' class='gallery galleryid-3678 gallery-columns-2 gallery-size-thumbnail'><figure class='gallery-item'>\n\t\t\t<div class='gallery-icon landscape'>\n\t\t\t\t<a href='https:\/\/www.sportomokykla.lt\/vrssm\/wp\/wp-content\/uploads\/2017\/12\/25299278_1905934132769897_5554230912448598135_n-1.jpg'><img loading=\"lazy\" decoding=\"async\" width=\"150\" height=\"150\" src=\"https:\/\/www.sportomokykla.lt\/vrssm\/wp\/wp-content\/uploads\/2017\/12\/25299278_1905934132769897_5554230912448598135_n-1-150x150.jpg\" class=\"attachment-thumbnail size-thumbnail\" alt=\"\" \/><\/a>\n\t\t\t<\/div><\/figure><figure class='gallery-item'>\n\t\t\t<div class='gallery-icon landscape'>\n\t\t\t\t<a href='https:\/\/www.sportomokykla.lt\/vrssm\/wp\/wp-content\/uploads\/2017\/12\/25348425_1905919129438064_2464593304246239087_n-1.jpg'><img loading=\"lazy\" decoding=\"async\" width=\"150\" height=\"150\" src=\"https:\/\/www.sportomokykla.lt\/vrssm\/wp\/wp-content\/uploads\/2017\/12\/25348425_1905919129438064_2464593304246239087_n-1-150x150.jpg\" class=\"attachment-thumbnail size-thumbnail\" alt=\"\" \/><\/a>\n\t\t\t<\/div><\/figure>\n\t\t<\/div>\n\n<p>&nbsp;<\/p>\n","protected":false},"excerpt":{"rendered":"<p>W dniu 15 grudnia w\u00a0Solecznikach\u00a0\u00a0odby\u0142y si\u0119 Dru\u017cynowe Mistrzostwa tenisa sto\u0142owego w\u015br\u00f3d rejon\u00f3w Litwy oraz\u00a0\u00a0Olity i K\u0142ajpedy dla grupy wiekowej 2006 roku urodzenia i m\u0142odszych, w kt\u00f3rych uczestniczy\u0142o 8 dru\u017cyn dziewcz\u0105t. Dru\u017cyna dziewcz\u0105t Rejonu Wile\u0144skiego pokona\u0142a wszystkich rywali i zdoby\u0142a zwyci\u0119skie pierwsze miejsce. Honoru Rejonu Wile\u0144skiego broni\u0142y: \u00a0Diana Tabunowa (2008 r. ur.), Agnie\u0161ka Rackewicz (2007 r. [&hellip;]<\/p>\n","protected":false},"author":1,"featured_media":3681,"comment_status":"closed","ping_status":"closed","sticky":false,"template":"","format":"standard","meta":{"footnotes":""},"categories":[7,12],"tags":[],"class_list":["post-3678","post","type-post","status-publish","format-standard","has-post-thumbnail","hentry","category-aktualia","category-zawody"],"_links":{"self":[{"href":"https:\/\/www.sportomokykla.lt\/index.php?rest_route=\/wp\/v2\/posts\/3678","targetHints":{"allow":["GET"]}}],"collection":[{"href":"https:\/\/www.sportomokykla.lt\/index.php?rest_route=\/wp\/v2\/posts"}],"about":[{"href":"https:\/\/www.sportomokykla.lt\/index.php?rest_route=\/wp\/v2\/types\/post"}],"author":[{"embeddable":true,"href":"https:\/\/www.sportomokykla.lt\/index.php?rest_route=\/wp\/v2\/users\/1"}],"replies":[{"embeddable":true,"href":"https:\/\/www.sportomokykla.lt\/index.php?rest_route=%2Fwp%2Fv2%2Fcomments&post=3678"}],"version-history":[{"count":2,"href":"https:\/\/www.sportomokykla.lt\/index.php?rest_route=\/wp\/v2\/posts\/3678\/revisions"}],"predecessor-version":[{"id":3683,"href":"https:\/\/www.sportomokykla.lt\/index.php?rest_route=\/wp\/v2\/posts\/3678\/revisions\/3683"}],"wp:featuredmedia":[{"embeddable":true,"href":"https:\/\/www.sportomokykla.lt\/index.php?rest_route=\/wp\/v2\/media\/3681"}],"wp:attachment":[{"href":"https:\/\/www.sportomokykla.lt\/index.php?rest_route=%2Fwp%2Fv2%2Fmedia&parent=3678"}],"wp:term":[{"taxonomy":"category","embeddable":true,"href":"https:\/\/www.sportomokykla.lt\/index.php?rest_route=%2Fwp%2Fv2%2Fcategories&post=3678"},{"taxonomy":"post_tag","embeddable":true,"href":"https:\/\/www.sportomokykla.lt\/index.php?rest_route=%2Fwp%2Fv2%2Ftags&post=3678"}],"curies":[{"name":"wp","href":"https:\/\/api.w.org\/{rel}","templated":true}]}}