{"id":3883,"date":"2018-01-25T17:09:54","date_gmt":"2018-01-25T15:09:54","guid":{"rendered":"http:\/\/www.sportomokykla.lt\/?p=3883"},"modified":"2018-01-25T17:09:54","modified_gmt":"2018-01-25T15:09:54","slug":"zyciowy-sukces-karola-dabrowskiego-na-mistrzostwach-europy-w-biatlonie-we-wlochach","status":"publish","type":"post","link":"https:\/\/www.sportomokykla.lt\/?p=3883&lang=pl","title":{"rendered":"\u017byciowy sukces Karola D\u0105browskiego na Mistrzostwach Europy w biatlonie we W\u0142ochach"},"content":{"rendered":"<p>W dniu 24 stycznia we w\u0142oskim mie\u015bcie Ridnaun wy\u015bcigiem na 20 km ze strzelaniem le\u017c\u0105c + stoj\u0105c + le\u017c\u0105c + stoj\u0105c, gdzie za ka\u017cdy niecelny strza\u0142 dodawano po minucie kary do czasu uzyskanego na dystansie, biatloni\u015bci rozpocz\u0119li zmagania na Mistrzostwach Europy w biatlonie. W zawodach znakomicie wyst\u0105pi\u0142 Niemenczynianin Karol D\u0105browski, zajmuj\u0105c 12 miejsce i osi\u0105gaj\u0105c najlepszy wynik w karierze biatlonisty.<\/p>\n<p>Wspania\u0142a bezwietrzna s\u0142oneczna pogoda, lekki mr\u00f3z pozwoli\u0142y biatlonistom wykaza\u0107 swoje umiej\u0119tno\u015bci na strzelnicy i du\u017co biatlonist\u00f3w celnie strzelali do tarcz, w tym Karol D\u0105browski. Karol ostro\u017cnie rozpocz\u0105\u0142 wy\u015bcig, pierwsze strzelanie le\u017c\u0105c wykona\u0142 bezb\u0142\u0119dnie i na kolejne 4 km wy\u015blizgn\u0105\u0142 na 30 pozycji, trac\u0105c do lidera 40,7 sek. Na drugim strzelaniu stoj\u0105c Karol pope\u0142ni\u0142 b\u0142\u0105d i zajmowa\u0142 35 miejsce, ust\u0119puj\u0105c 2 min. 22 sek. Karol szybko \u015blizgn\u0105\u0142 na podbiegach, kolejne strzelanie le\u017c\u0105c wykona\u0142 bezb\u0142\u0119dnie i ju\u017c zajmowa\u0142 20 miejsce, trac\u0105c do lidera 2 min. 33 sek. Po pokonaniu kolejnych 4 km dystansu ostatnie strzelanie stoj\u0105c Karol wykona\u0142 szybko i celnie, trafiaj\u0105c do wszystkich tarcz i przed ostatnimi 4 kilometrami do mety \u015blizgn\u0105\u0142 na 12 pozycji ze strat\u0105 2 min. 19 sek. Ostatnie okr\u0105\u017cenie Karol D\u0105browski pokona\u0142 bardzo szybko i na mecie zachowa\u0142 bardzo wysokie, 12 miejsce, pokonuj\u0105c 20 km za 56 min. 03,9 sek.<\/p>\n<p>Najlepszy z Polak\u00f3w \u0141ukasz Szczurek finiszowa\u0142 tu\u017c za Karolem na 13 miejscu, ust\u0119puj\u0105c 1,2 sek. Rokas Suslavi\u010dius zaj\u0105\u0142 102 miejsce z wynikiem 1 godz. 07 min. 22,5 sek., a Deiwid Demkow 104, pokonuj\u0105c 20 km za 1 godz. 08 min. 07,8 sek.<\/p>\n<p>12 miejsce Karola D\u0105browskiego odpowiada kryteriom Litewskiego Narodowego Komitetu Olimpijskiego na otrzymanie stypendium i zapewnia finansowanie na przyszykowania naszemu biatloni\u015bcie na nast\u0119pny rok.<\/p>\n<p>Gratulujemy Karolowi i \u017cyczymy sukces\u00f3w w przysz\u0142o\u015bci.<\/p>\n<p style=\"text-align: right;\">Dyrektor Szko\u0142y Sportowej<br \/>\nSamorz\u0105du Rejonu Wile\u0144skiego Marian Kaczanowski<\/p>\n<p>&nbsp;<\/p>\n","protected":false},"excerpt":{"rendered":"<p>W dniu 24 stycznia we w\u0142oskim mie\u015bcie Ridnaun wy\u015bcigiem na 20 km ze strzelaniem le\u017c\u0105c + stoj\u0105c + le\u017c\u0105c + stoj\u0105c, gdzie za ka\u017cdy niecelny strza\u0142 dodawano po minucie kary do czasu uzyskanego na dystansie, biatloni\u015bci rozpocz\u0119li zmagania na Mistrzostwach Europy w biatlonie. W zawodach znakomicie wyst\u0105pi\u0142 Niemenczynianin Karol D\u0105browski, zajmuj\u0105c 12 miejsce i osi\u0105gaj\u0105c [&hellip;]<\/p>\n","protected":false},"author":1,"featured_media":3880,"comment_status":"closed","ping_status":"closed","sticky":false,"template":"","format":"standard","meta":{"footnotes":""},"categories":[7,50],"tags":[],"class_list":["post-3883","post","type-post","status-publish","format-standard","has-post-thumbnail","hentry","category-aktualia","category-mistrzostwa"],"_links":{"self":[{"href":"https:\/\/www.sportomokykla.lt\/index.php?rest_route=\/wp\/v2\/posts\/3883","targetHints":{"allow":["GET"]}}],"collection":[{"href":"https:\/\/www.sportomokykla.lt\/index.php?rest_route=\/wp\/v2\/posts"}],"about":[{"href":"https:\/\/www.sportomokykla.lt\/index.php?rest_route=\/wp\/v2\/types\/post"}],"author":[{"embeddable":true,"href":"https:\/\/www.sportomokykla.lt\/index.php?rest_route=\/wp\/v2\/users\/1"}],"replies":[{"embeddable":true,"href":"https:\/\/www.sportomokykla.lt\/index.php?rest_route=%2Fwp%2Fv2%2Fcomments&post=3883"}],"version-history":[{"count":2,"href":"https:\/\/www.sportomokykla.lt\/index.php?rest_route=\/wp\/v2\/posts\/3883\/revisions"}],"predecessor-version":[{"id":3885,"href":"https:\/\/www.sportomokykla.lt\/index.php?rest_route=\/wp\/v2\/posts\/3883\/revisions\/3885"}],"wp:featuredmedia":[{"embeddable":true,"href":"https:\/\/www.sportomokykla.lt\/index.php?rest_route=\/wp\/v2\/media\/3880"}],"wp:attachment":[{"href":"https:\/\/www.sportomokykla.lt\/index.php?rest_route=%2Fwp%2Fv2%2Fmedia&parent=3883"}],"wp:term":[{"taxonomy":"category","embeddable":true,"href":"https:\/\/www.sportomokykla.lt\/index.php?rest_route=%2Fwp%2Fv2%2Fcategories&post=3883"},{"taxonomy":"post_tag","embeddable":true,"href":"https:\/\/www.sportomokykla.lt\/index.php?rest_route=%2Fwp%2Fv2%2Ftags&post=3883"}],"curies":[{"name":"wp","href":"https:\/\/api.w.org\/{rel}","templated":true}]}}