{"id":3923,"date":"2018-02-03T01:10:57","date_gmt":"2018-02-02T23:10:57","guid":{"rendered":"http:\/\/www.sportomokykla.lt\/?p=3923"},"modified":"2018-02-03T01:12:32","modified_gmt":"2018-02-02T23:12:32","slug":"udany-start-karola-dabrowskiego-na-pucharze-europy-w-biatlonie-we-wloszech","status":"publish","type":"post","link":"https:\/\/www.sportomokykla.lt\/?p=3923&lang=pl","title":{"rendered":"Udany start Karola D\u0105browskiego na Pucharze Europy w biatlonie we W\u0142oszech"},"content":{"rendered":"<p>W dniu 2 lutego we w\u0142oskim mie\u015bcie Martell val Martello odby\u0142y si\u0119 zawody 6 edycji Pucharu Europy w biatlonie. Biatloni\u015bci rywalizowali w sprincie na 10 km ze strzelaniem le\u017c\u0105c + stoj\u0105c, gdzie za ka\u017cdy niecelny strza\u0142 mieli do pokonania karn\u0105 rund\u0119 150 m.<\/p>\n<p>W zawodach dobrze wyst\u0105pi\u0142 Niemenczynianin Karol D\u0105browski, zajmuj\u0105c 40 miejsce i zdobywaj\u0105c kolejne punkty do klasyfikacji indywidualnej. Karol dobrze rozpocz\u0105\u0142 wy\u015bcig, na pierwszym strzelaniu le\u017c\u0105c pope\u0142ni\u0142 b\u0142\u0105d i musia\u0142 zawita\u0107 na karn\u0105 rund\u0119. Po pokonaniu dodatkowych 150 m dystansu Karol na kolejne 3,3 km wy\u015blizgn\u0105\u0142 na 43 pozycji, trac\u0105c do lidera 1 min. 02 sek. Na drugim strzelaniu stoj\u0105c Karol pope\u0142ni\u0142 2 b\u0142\u0119dy i zajmowa\u0142 43 miejsce, ust\u0119puj\u0105c 2 min. 30 sek. Na ostatnim kr\u0119gu do mety Karol szybko \u015blizgn\u0105\u0142 na podbiegach, za 1,5 km przed met\u0105 \u015blizgn\u0105\u0142 na 41 pozycji, trac\u0105c do lidera 2 min. 54 sek. Ostatni kilometr do mety Karol D\u0105browski pokona\u0142 bardzo szybko, wyprzedzi\u0142 jeszcze jednego rywala i na mecie zachowa\u0142 wysokie 40 miejsce, pokonuj\u0105c 10 km 28 min 38,0 sek.<\/p>\n<p>Rokas Sus\u0142awiczius zaj\u0105\u0142 73 miejsce z wynikiem 31 min. 20,4 sek., a Deiwid Demkow 83, pokonuj\u0105c 10 km za 32 min. 53,5 sek.<\/p>\n<p>Karol ma szans\u0119 w jutrzejszym 12,5 km wy\u015bcigu na dochodzenie ze strzelaniem dwa razy le\u017c\u0105c + dwa razy stoj\u0105c polepszy\u0107 swoje miejsce.<\/p>\n<p>Gratulujemy Karolowi i \u017cyczymy sukces\u00f3w w przysz\u0142o\u015bci.<\/p>\n<p style=\"text-align: right;\">Dyrektor Szko\u0142y Sportowej<br \/>\nSamorz\u0105du Rejonu Wile\u0144skiego Marian Kaczanowski<\/p>\n","protected":false},"excerpt":{"rendered":"<p>W dniu 2 lutego we w\u0142oskim mie\u015bcie Martell val Martello odby\u0142y si\u0119 zawody 6 edycji Pucharu Europy w biatlonie. Biatloni\u015bci rywalizowali w sprincie na 10 km ze strzelaniem le\u017c\u0105c + stoj\u0105c, gdzie za ka\u017cdy niecelny strza\u0142 mieli do pokonania karn\u0105 rund\u0119 150 m. W zawodach dobrze wyst\u0105pi\u0142 Niemenczynianin Karol D\u0105browski, zajmuj\u0105c 40 miejsce i zdobywaj\u0105c [&hellip;]<\/p>\n","protected":false},"author":1,"featured_media":3920,"comment_status":"closed","ping_status":"closed","sticky":false,"template":"","format":"standard","meta":{"footnotes":""},"categories":[7,105],"tags":[],"class_list":["post-3923","post","type-post","status-publish","format-standard","has-post-thumbnail","hentry","category-aktualia","category-puchary"],"_links":{"self":[{"href":"https:\/\/www.sportomokykla.lt\/index.php?rest_route=\/wp\/v2\/posts\/3923","targetHints":{"allow":["GET"]}}],"collection":[{"href":"https:\/\/www.sportomokykla.lt\/index.php?rest_route=\/wp\/v2\/posts"}],"about":[{"href":"https:\/\/www.sportomokykla.lt\/index.php?rest_route=\/wp\/v2\/types\/post"}],"author":[{"embeddable":true,"href":"https:\/\/www.sportomokykla.lt\/index.php?rest_route=\/wp\/v2\/users\/1"}],"replies":[{"embeddable":true,"href":"https:\/\/www.sportomokykla.lt\/index.php?rest_route=%2Fwp%2Fv2%2Fcomments&post=3923"}],"version-history":[{"count":2,"href":"https:\/\/www.sportomokykla.lt\/index.php?rest_route=\/wp\/v2\/posts\/3923\/revisions"}],"predecessor-version":[{"id":3925,"href":"https:\/\/www.sportomokykla.lt\/index.php?rest_route=\/wp\/v2\/posts\/3923\/revisions\/3925"}],"wp:featuredmedia":[{"embeddable":true,"href":"https:\/\/www.sportomokykla.lt\/index.php?rest_route=\/wp\/v2\/media\/3920"}],"wp:attachment":[{"href":"https:\/\/www.sportomokykla.lt\/index.php?rest_route=%2Fwp%2Fv2%2Fmedia&parent=3923"}],"wp:term":[{"taxonomy":"category","embeddable":true,"href":"https:\/\/www.sportomokykla.lt\/index.php?rest_route=%2Fwp%2Fv2%2Fcategories&post=3923"},{"taxonomy":"post_tag","embeddable":true,"href":"https:\/\/www.sportomokykla.lt\/index.php?rest_route=%2Fwp%2Fv2%2Ftags&post=3923"}],"curies":[{"name":"wp","href":"https:\/\/api.w.org\/{rel}","templated":true}]}}