{"id":4165,"date":"2018-03-05T23:11:31","date_gmt":"2018-03-05T21:11:31","guid":{"rendered":"http:\/\/www.sportomokykla.lt\/?p=4165"},"modified":"2018-03-05T23:14:03","modified_gmt":"2018-03-05T21:14:03","slug":"siatkarki-z-awizen-siegnely-po-zloto-w-mistrzostwach-litwy-wsrod-szkol-wiejskich","status":"publish","type":"post","link":"https:\/\/www.sportomokykla.lt\/?p=4165&lang=pl","title":{"rendered":"Siatkarki z Awi\u017ce\u0144 si\u0119gn\u0119\u0142y po z\u0142oto w Mistrzostwach Litwy w\u015br\u00f3d Szk\u00f3\u0142 Wiejskich"},"content":{"rendered":"<p>Po raz drugi z kolei siatkarki z Gimnazjum w Awi\u017ceniach si\u0119gn\u0119\u0142y po z\u0142oto w Igrzyskach Szk\u00f3\u0142 Litwy w\u015br\u00f3d Szk\u00f3\u0142 Wiejskich, kt\u00f3re odby\u0142y si\u0119 1 marca.<\/p>\n<p>Wiadomo, obrona zawsze jest spraw\u0105 trudniejsz\u0105, ale tym razem mieli\u015bmy przewag\u0119 w\u0142asnych \u015bcian, gdy\u017c fina\u0142owe rozgrywki odbywa\u0142y si\u0119 u nas i, jako gospodarze, mogli\u015bmy nie bez podstaw liczy\u0107 na doping kibic\u00f3w i nasi kibice nas nie zawiedli. Szczeg\u00f3lnie mocny doping mieli\u015bmy podczas przerw, kiedy to koledzy i kole\u017canki z lekcji czym szybciej biegli do sali by wesprze\u0107 nas g\u0142o\u015bnym okrzykiem. A za rywali mieli\u015bmy mistrzy\u0144 z rejonu Szy\u0142okarczemskiego (\u0160ilut\u0117s r.), Ora\u0144skiego (Var\u0117nos r.) oraz Szy\u0142alskiego. I mimo, \u017ce jak i przed rokiem pokonali\u015bmy wszystkie zespo\u0142y bez straty seta, to \u0142atwym zwyci\u0119stwem tego nazwa\u0107 nie mo\u017cna. Szczeg\u00f3lnie wysoko poprzeczk\u0119 zawiesi\u0142y siatkarki z rejonu szy\u0142alskiego, kt\u00f3re i w rozgrywkach szk\u00f3\u0142 sportowych zawsze staraj\u0105 si\u0119 utrudni\u0107 zwyci\u0119stwo naszym siatkarkom. Nie inaczej by\u0142o i tym razem, o czym \u015bwiadczy wynik 25:21 i 25:23 dla naszych siatkarek. Miejscem trzecim musia\u0142y si\u0119 zadowoli\u0107 siatkarki z Oran.<\/p>\n<p>Na rozpocz\u0119ciu turnieju witaj\u0105c uczestnik\u00f3w Pani Dyrektor Waleria Orszewska \u017cyczy\u0142a wszystkim zespo\u0142om powodzenia i nawi\u0105zuj\u0105c do 100-ej rocznicy odzyskania przez Litw\u0119 niepodleg\u0142o\u015bci podkre\u015bli\u0142a szczeg\u00f3lno\u015b\u0107 tej edycji. Wi\u0119c nic dziwnego, \u017ce na dekoracji zwyci\u0119zc\u00f3w ze szczeg\u00f3ln\u0105 rado\u015bci\u0105 z\u0142otymi medalami dekorowa\u0142a w\u0142asnych wychowanek, a na uszko trenera szepn\u0119\u0142a, \u017ce w nast\u0119pnym tygodniu zawodniczek czeka dodatkowa niespodzianka.<\/p>\n<p>Cieszymy si\u0119 z sukcesu siatkarek z Gimnazjum w Awi\u017ceniach i \u017cyczymy kolejnych sukces\u00f3w, a na tak\u0105 okazj\u0119 d\u0142ugo czeka\u0107 nie b\u0119dzie trzeba, gdy\u017c 23 marca startuj\u0105 Mistrzostwa Litwy w\u015br\u00f3d Szk\u00f3\u0142 Miejskich i siatkarki z Awi\u017ce\u0144 i tutaj r\u00f3wnie\u017c zapewni\u0142y sobie prawo udzia\u0142u. W mi\u0119dzyczasie (16-17 marca) w Awi\u017ceniach odb\u0119dzie si\u0119 Mi\u0119dzynarodowy turniej pi\u0142ki siatkowej o Puchar Szko\u0142y Sportowej Samorz\u0105du Rejonu Wile\u0144skiego z okazji 100-ej rocznicy Odzyskania Niepodleg\u0142o\u015bci. Na turniej obok zespo\u0142\u00f3w z Kowna, Szawel, Janowa przyjad\u0105 siatkarki z \u0141om\u017cy i w taki oto spos\u00f3b upami\u0119tnimy 100-\u0105 rocznic\u0119 niepodleg\u0142o\u015bci obu narod\u00f3w.<\/p>\n<p style=\"text-align: right;\">Waldemar Szumski<br \/>\nSzkoleniowiec siatk\u00f3wki dziewcz\u0105t<br \/>\nSzko\u0142y Sportowej Samorz\u0105du Rejonu Wile\u0144skiego<\/p>\n<div id='gallery-1' class='gallery galleryid-4165 gallery-columns-5 gallery-size-thumbnail'><figure class='gallery-item'>\n\t\t\t<div class='gallery-icon portrait'>\n\t\t\t\t<a href='https:\/\/www.sportomokykla.lt\/vrssm\/wp\/wp-content\/uploads\/2018\/03\/20180301_160122.jpg'><img loading=\"lazy\" decoding=\"async\" width=\"150\" height=\"150\" src=\"https:\/\/www.sportomokykla.lt\/vrssm\/wp\/wp-content\/uploads\/2018\/03\/20180301_160122-150x150.jpg\" class=\"attachment-thumbnail size-thumbnail\" alt=\"\" \/><\/a>\n\t\t\t<\/div><\/figure><figure class='gallery-item'>\n\t\t\t<div class='gallery-icon landscape'>\n\t\t\t\t<a href='https:\/\/www.sportomokykla.lt\/vrssm\/wp\/wp-content\/uploads\/2018\/03\/20180301_160207.jpg'><img loading=\"lazy\" decoding=\"async\" width=\"150\" height=\"150\" src=\"https:\/\/www.sportomokykla.lt\/vrssm\/wp\/wp-content\/uploads\/2018\/03\/20180301_160207-150x150.jpg\" class=\"attachment-thumbnail size-thumbnail\" alt=\"\" \/><\/a>\n\t\t\t<\/div><\/figure><figure class='gallery-item'>\n\t\t\t<div class='gallery-icon landscape'>\n\t\t\t\t<a href='https:\/\/www.sportomokykla.lt\/vrssm\/wp\/wp-content\/uploads\/2018\/03\/IMG-2041.jpg'><img loading=\"lazy\" decoding=\"async\" width=\"150\" height=\"150\" src=\"https:\/\/www.sportomokykla.lt\/vrssm\/wp\/wp-content\/uploads\/2018\/03\/IMG-2041-150x150.jpg\" class=\"attachment-thumbnail size-thumbnail\" alt=\"\" \/><\/a>\n\t\t\t<\/div><\/figure><figure class='gallery-item'>\n\t\t\t<div class='gallery-icon landscape'>\n\t\t\t\t<a href='https:\/\/www.sportomokykla.lt\/vrssm\/wp\/wp-content\/uploads\/2018\/03\/IMG-2047.jpg'><img loading=\"lazy\" decoding=\"async\" width=\"150\" height=\"150\" src=\"https:\/\/www.sportomokykla.lt\/vrssm\/wp\/wp-content\/uploads\/2018\/03\/IMG-2047-150x150.jpg\" class=\"attachment-thumbnail size-thumbnail\" alt=\"\" \/><\/a>\n\t\t\t<\/div><\/figure><figure class='gallery-item'>\n\t\t\t<div class='gallery-icon landscape'>\n\t\t\t\t<a href='https:\/\/www.sportomokykla.lt\/vrssm\/wp\/wp-content\/uploads\/2018\/03\/IMG-2050.jpg'><img loading=\"lazy\" decoding=\"async\" width=\"150\" height=\"150\" src=\"https:\/\/www.sportomokykla.lt\/vrssm\/wp\/wp-content\/uploads\/2018\/03\/IMG-2050-150x150.jpg\" class=\"attachment-thumbnail size-thumbnail\" alt=\"\" \/><\/a>\n\t\t\t<\/div><\/figure>\n\t\t<\/div>\n\n","protected":false},"excerpt":{"rendered":"<p>Po raz drugi z kolei siatkarki z Gimnazjum w Awi\u017ceniach si\u0119gn\u0119\u0142y po z\u0142oto w Igrzyskach Szk\u00f3\u0142 Litwy w\u015br\u00f3d Szk\u00f3\u0142 Wiejskich, kt\u00f3re odby\u0142y si\u0119 1 marca. Wiadomo, obrona zawsze jest spraw\u0105 trudniejsz\u0105, ale tym razem mieli\u015bmy przewag\u0119 w\u0142asnych \u015bcian, gdy\u017c fina\u0142owe rozgrywki odbywa\u0142y si\u0119 u nas i, jako gospodarze, mogli\u015bmy nie bez podstaw liczy\u0107 na doping [&hellip;]<\/p>\n","protected":false},"author":1,"featured_media":4173,"comment_status":"closed","ping_status":"closed","sticky":false,"template":"","format":"standard","meta":{"footnotes":""},"categories":[7,50],"tags":[],"class_list":["post-4165","post","type-post","status-publish","format-standard","has-post-thumbnail","hentry","category-aktualia","category-mistrzostwa"],"_links":{"self":[{"href":"https:\/\/www.sportomokykla.lt\/index.php?rest_route=\/wp\/v2\/posts\/4165","targetHints":{"allow":["GET"]}}],"collection":[{"href":"https:\/\/www.sportomokykla.lt\/index.php?rest_route=\/wp\/v2\/posts"}],"about":[{"href":"https:\/\/www.sportomokykla.lt\/index.php?rest_route=\/wp\/v2\/types\/post"}],"author":[{"embeddable":true,"href":"https:\/\/www.sportomokykla.lt\/index.php?rest_route=\/wp\/v2\/users\/1"}],"replies":[{"embeddable":true,"href":"https:\/\/www.sportomokykla.lt\/index.php?rest_route=%2Fwp%2Fv2%2Fcomments&post=4165"}],"version-history":[{"count":3,"href":"https:\/\/www.sportomokykla.lt\/index.php?rest_route=\/wp\/v2\/posts\/4165\/revisions"}],"predecessor-version":[{"id":4176,"href":"https:\/\/www.sportomokykla.lt\/index.php?rest_route=\/wp\/v2\/posts\/4165\/revisions\/4176"}],"wp:featuredmedia":[{"embeddable":true,"href":"https:\/\/www.sportomokykla.lt\/index.php?rest_route=\/wp\/v2\/media\/4173"}],"wp:attachment":[{"href":"https:\/\/www.sportomokykla.lt\/index.php?rest_route=%2Fwp%2Fv2%2Fmedia&parent=4165"}],"wp:term":[{"taxonomy":"category","embeddable":true,"href":"https:\/\/www.sportomokykla.lt\/index.php?rest_route=%2Fwp%2Fv2%2Fcategories&post=4165"},{"taxonomy":"post_tag","embeddable":true,"href":"https:\/\/www.sportomokykla.lt\/index.php?rest_route=%2Fwp%2Fv2%2Ftags&post=4165"}],"curies":[{"name":"wp","href":"https:\/\/api.w.org\/{rel}","templated":true}]}}