{"id":4572,"date":"2018-04-30T23:27:19","date_gmt":"2018-04-30T20:27:19","guid":{"rendered":"http:\/\/www.sportomokykla.lt\/?p=4572"},"modified":"2019-05-21T16:49:50","modified_gmt":"2019-05-21T13:49:50","slug":"tarptautines-begimo-varzybos-nemencines-miesto-gatvemis-skirtos-geguzes-3-iosios-konstitucijos-dienai-pamineti","status":"publish","type":"post","link":"https:\/\/www.sportomokykla.lt\/?p=4572&lang=lt","title":{"rendered":"Tarptautin\u0117s b\u0117gimo var\u017eybos Nemen\u010din\u0117s miesto gatv\u0117mis, skirtos Gegu\u017e\u0117s 3-iosios Konstitucijos dienai pamin\u0117ti"},"content":{"rendered":"<p>Gegu\u017e\u0117s<span style=\"color: #003366;\"><strong> 3 d.<\/strong><\/span> Nemen\u010din\u0117s Konstanto Par\u010devskio gimnazijos stadione<span style=\"color: #003366;\"> <strong>(A. Mickevi2iaus g. 20)<\/strong><\/span> vyks<span style=\"color: #003366;\"> <strong>Tarptautin\u0117s b\u0117gimo var\u017eybos Nemen\u010din\u0117s miesto gatv\u0117mis<\/strong><\/span>, skirtos Gegu\u017e\u0117s 3-iosios Konstitucijos dienai pamin\u0117ti.<\/p>\n<p><span style=\"color: #003300;\"><strong><span style=\"color: #003366;\">Var\u017eybas organizavo:<\/span><br \/>\n<\/strong><\/span> Vilniaus rajono savivaldyb\u0117s administracijos Kult\u016bros, sporto ir turizmo skyrius, Vilniaus rajono savivaldyb\u0117s sporto mokykla, Nemen\u010din\u0117s miesto seni\u016bnija bei Nemen\u010din\u0117s Konstanto Par\u010devskio gimnazija.<\/p>\n<p>Var\u017eybos organizuojamos siekiant populiarinti\u00a0b\u0117gim\u0105 kaip papras\u010diausi\u0105 fizin\u0117s rekreacijos form\u0105; propaguoti lengv\u0105j\u0105 atletik\u0105 jaunimo tarpe; skatinti bendradarbiavim\u0105 tarp Lietuvos ir u\u017esienio jaunimo; i\u0161siai\u0161kinti paj\u0117giausius \u0161i\u0173 var\u017eyb\u0173 b\u0117gikus.<\/p>\n<p><strong><span style=\"color: #003366;\">Var\u017eybose gali dalyvauti visi norintys, nepriklausomai nuo am\u017eiaus, turintys gydytojo leidim\u0105 sportuoti arba tai patvirtindami savo para\u0161u.<\/span><br \/>\n<\/strong>U\u017e nepilname\u010di\u0173 dalyvavim\u0105 ir sveikat\u0105 var\u017eyb\u0173 metu ir joms pasibaigus atsako delegavusi organizacija (mokykla, t\u0117vai ar glob\u0117jai, treneriai), tai patvirtindami savo para\u0161u.<\/p>\n<p>Dalyviai registruotis gali el. pa\u0161tu <strong><span style=\"color: #3366ff;\"><a style=\"color: #3366ff;\" href=\"mailto:vrssportomokykla@gmail.com\">vrssportomokykla@gmail.com<\/a><\/span><\/strong> arba tel. <span style=\"color: #003366;\"><strong>(8 5) 237 1439<\/strong><\/span>.<\/p>\n<p>Var\u017eyb\u0173 dien\u0105 dalyvi\u0173 registracija vyks nuo <span style=\"color: #003366;\"><strong>9.00<\/strong><\/span> iki <span style=\"color: #003366;\"><strong>10.20<\/strong><\/span> val. sekretoriate stadione.<\/p>\n<p>Registruojantis reikia pateikti dokument\u0105, patvirtinant\u012f tapatyb\u0119; nurodyti klub\u0105, sporto mokykl\u0105 arba miest\u0105.<\/p>\n<p>Var\u017eyb\u0173<span style=\"color: #003366;\"><strong> nuostatus<\/strong><\/span>\u00a0ir<strong><span style=\"color: #003366;\"> program\u0105<\/span>\u00a0<\/strong>rasite<strong> <a href=\"http:\/\/www.sportomokykla.lt\/vrssm\/wp\/wp-content\/uploads\/2018\/04\/Nemencin\u0117s-b\u0117gimo-nuostatai_2018-m.-1.1-poprawic.pdf\"><span style=\"color: #3366ff;\">\u010dia<\/span>.<\/a><\/strong><\/p>\n<p>D\u0117l papildomos informacijos galite kreiptis \u012f Vilniaus rajono savivaldyb\u0117s sporto mokykl\u0105 tel. <span style=\"color: #003366;\"><strong>8-5 23 71 439<\/strong><\/span>, el. p.\u00a0<strong><span style=\"color: #3366ff;\"><a style=\"color: #3366ff;\" href=\"mailto:vrssportomokykla@gmail.com\">vrssportomokykla@gmail.com<\/a><\/span><\/strong><span style=\"color: #000000;\">.<\/span><\/p>\n<p style=\"text-align: center;\"><strong style=\"color: #003300; text-align: center; font-family: Verdana, Geneva, sans-serif;\">KVIE\u010cIAME DALYVAUTI VAR\u017dYBOSE!<\/strong><\/p>\n","protected":false},"excerpt":{"rendered":"<p>Gegu\u017e\u0117s 3 d. Nemen\u010din\u0117s Konstanto Par\u010devskio gimnazijos stadione (A. Mickevi2iaus g. 20) vyks Tarptautin\u0117s b\u0117gimo var\u017eybos Nemen\u010din\u0117s miesto gatv\u0117mis, skirtos Gegu\u017e\u0117s 3-iosios Konstitucijos dienai pamin\u0117ti. Var\u017eybas organizavo: Vilniaus rajono savivaldyb\u0117s administracijos Kult\u016bros, sporto ir turizmo skyrius, Vilniaus rajono savivaldyb\u0117s sporto mokykla, Nemen\u010din\u0117s miesto seni\u016bnija bei Nemen\u010din\u0117s Konstanto Par\u010devskio gimnazija. Var\u017eybos organizuojamos siekiant populiarinti\u00a0b\u0117gim\u0105 kaip papras\u010diausi\u0105 [&hellip;]<\/p>\n","protected":false},"author":1,"featured_media":4586,"comment_status":"closed","ping_status":"closed","sticky":false,"template":"","format":"standard","meta":{"footnotes":""},"categories":[1,29],"tags":[],"class_list":["post-4572","post","type-post","status-publish","format-standard","has-post-thumbnail","hentry","category-naujienos","category-renginiai"],"_links":{"self":[{"href":"https:\/\/www.sportomokykla.lt\/index.php?rest_route=\/wp\/v2\/posts\/4572","targetHints":{"allow":["GET"]}}],"collection":[{"href":"https:\/\/www.sportomokykla.lt\/index.php?rest_route=\/wp\/v2\/posts"}],"about":[{"href":"https:\/\/www.sportomokykla.lt\/index.php?rest_route=\/wp\/v2\/types\/post"}],"author":[{"embeddable":true,"href":"https:\/\/www.sportomokykla.lt\/index.php?rest_route=\/wp\/v2\/users\/1"}],"replies":[{"embeddable":true,"href":"https:\/\/www.sportomokykla.lt\/index.php?rest_route=%2Fwp%2Fv2%2Fcomments&post=4572"}],"version-history":[{"count":9,"href":"https:\/\/www.sportomokykla.lt\/index.php?rest_route=\/wp\/v2\/posts\/4572\/revisions"}],"predecessor-version":[{"id":4594,"href":"https:\/\/www.sportomokykla.lt\/index.php?rest_route=\/wp\/v2\/posts\/4572\/revisions\/4594"}],"wp:featuredmedia":[{"embeddable":true,"href":"https:\/\/www.sportomokykla.lt\/index.php?rest_route=\/wp\/v2\/media\/4586"}],"wp:attachment":[{"href":"https:\/\/www.sportomokykla.lt\/index.php?rest_route=%2Fwp%2Fv2%2Fmedia&parent=4572"}],"wp:term":[{"taxonomy":"category","embeddable":true,"href":"https:\/\/www.sportomokykla.lt\/index.php?rest_route=%2Fwp%2Fv2%2Fcategories&post=4572"},{"taxonomy":"post_tag","embeddable":true,"href":"https:\/\/www.sportomokykla.lt\/index.php?rest_route=%2Fwp%2Fv2%2Ftags&post=4572"}],"curies":[{"name":"wp","href":"https:\/\/api.w.org\/{rel}","templated":true}]}}