{"id":4630,"date":"2018-04-26T23:28:11","date_gmt":"2018-04-26T20:28:11","guid":{"rendered":"http:\/\/www.sportomokykla.lt\/?p=4630"},"modified":"2019-05-21T16:52:09","modified_gmt":"2019-05-21T13:52:09","slug":"posiedzenie-komisji-mlodziezy-sportu-i-turystyki-rady-krajowej-oraz-rady-konsultacyjnej-stowarzyszenia-wspolnota-polska-oraz-xv-miedzynarodowe-biegi-przelajowe-im-ireny-szewinskiej","status":"publish","type":"post","link":"https:\/\/www.sportomokykla.lt\/?p=4630&lang=pl","title":{"rendered":"Posiedzenie komisji M\u0142odzie\u017cy, Sportu i Turystyki Rady Krajowej oraz Rady Konsultacyjnej Stowarzyszenia \u201eWsp\u00f3lnota Polska\u201d oraz XV Mi\u0119dzynarodowe Biegi prze\u0142ajowe im. Ireny Szewi\u0144skiej w Pu\u0142tusku"},"content":{"rendered":"<p>W dniach 23-24 kwietnia w Domu Polonii w Pu\u0142tusku odby\u0142y si\u0119 posiedzenia komisji M\u0142odzie\u017cy, Sportu i Turystyki Rady Krajowej oraz Rady Konsultacyjnej Stowarzyszenia \u201eWsp\u00f3lnota Polska\u201d, w obradach kt\u00f3rej wzi\u0105\u0142 udzia\u0142 Marian Kaczanowski \u2013 cz\u0142onek Rady Konsultacyjnej SWP. Prezes Stowarzyszenia Wsp\u00f3lnota Polska Dariusz Bonis\u0142awski podkre\u015bli\u0142, \u017ce sport polonijny wychodzi na pierwsze miejsce razem ze wspieraniem szk\u00f3\u0142 polskich poza granicami kraju, a tak\u017ce m\u00f3wi\u0142 o mo\u017cliwo\u015bci organizowania Polonijnych Mistrzostw \u015awiata w takich dyscyplinach jak pi\u0142ka no\u017cna, siatk\u00f3wka, \u017ceglarstwo i in. Podkre\u015bli\u0142 wyj\u0105tkowe zaanga\u017cowanie wsp\u00f3lnoty Polskiej i partner\u00f3w w organizacji Igrzysk w Krynicy-Zdr\u00f3j. Wiceprzewodnicz\u0105cy komisji Marek Guzowski wyg\u0142osi\u0142 referat o przebiegu i wnioskach XIII \u015awiatowych Zimowych Igrzysk Polonijnych \u201eKrynica-Zdr\u00f3j 2018\u201d. Przedstawi\u0142 15-minutowy film o XIII \u015awiatowych Zimowych Igrzyskach Polonijnych \u201eKrynica-Zdr\u00f3j 2018\u201d. \u00a0Ambasador dr. Witold Rybczy\u0144ski przedstawi\u0142 przedsi\u0119wzi\u0119cia obchod\u00f3w 100-lecia Niepodleg\u0142o\u015bci Polski, organizowanych we wsp\u00f3\u0142pracy z PKOL. Ambasador podkre\u015bli\u0142 sportowy charakter Igrzysk Zimowych i Letnich i 5 g\u0142\u00f3wnych punkt\u00f3w dzia\u0142ania w najbli\u017cszym okresie, jednym z kt\u00f3rych jest organizowanie 11 listopada Polskiego Biegu Niepodleg\u0142o\u015bci z g\u0142\u00f3wnym dystansem na 1918 m. Wiceprzewodnicz\u0105ca Rady Krajowej SWP p. Hanka Ga\u0142\u0105zka poinformowa\u0142a o przygotowaniach do XVIII Polonijnych Igrzysk M\u0142odzie\u017cy Szkolnej im. Jana Stypu\u0142y w \u0141om\u017cy. Zosta\u0142y tak\u017ce om\u00f3wione przygotowania do organizacji Polonijnego Forum Sportu i Turystyki, organizowanych w ramach V Zjazdu Polonii \u015awiata we wrze\u015bniu. Om\u00f3wiono o przygotowaniach do XVIII \u015awiatowych Letnich Igrzysk Polonijnych w Gdyni, a tak\u017ce zosta\u0142y wr\u0119czone podzi\u0119kowania dla burmistrza Krynicy-Zdr\u00f3j oraz w\u00f3jta gminy Grybowskiej za wspania\u0142e organizowanie XIII \u015awiatowych Zimowych Igrzysk Polonijnych \u201eKrynica-Zdr\u00f3j 2018\u201d. M\u00f3wiono r\u00f3wnie\u017c o mo\u017cliwo\u015bci po raz kolejny zimowe igrzyska organizowa\u0107 w Krynicy-Zdr\u00f3j.<\/p>\n<p>W dniu 24 kwietnia na zaproszenie dyrektora Publicznej Szko\u0142y Podstawowej Nr. 4 z klasami sportowymi im. Ireny Szewi\u0144skiej w Pu\u0142tusku Krzysztofa \u0141achma\u0144skiego 6-osobowa delegacja biegaczy Szko\u0142y Sportowej Samorz\u0105du Rejonu Wile\u0144skiego po raz 7 wzi\u0119\u0142a udzia\u0142 w Jubileuszowym XV Mi\u0119dzynarodowym biegu wielokrotnej mistrzyni igrzysk olimpijskich Ireny Szewi\u0144skiej.<\/p>\n<p>We wtorek w godzinach popo\u0142udniowych przybyli\u015bmy do Pu\u0142tuska, zakwaterowali\u015bmy si\u0119 w starym zamku \u2013 Domu Polonii w Pu\u0142tusku. Nast\u0119pnie spacerem po mie\u015bcie zwiedzili\u015bmy Ratusz, regionalne muzeum i byli\u015bmy na przystani wodnej nad rzek\u0105 Narew. Tak\u017ce po kolacji zapoznali\u015bmy si\u0119 z miejscem startu na miejskiej pla\u017cy i trenowali\u015bmy na trasie zawod\u00f3w. Do zawod\u00f3w zg\u0142osi\u0142o si\u0119 prawie 800 uczestnik\u00f3w w wieku 5-16 lat. W zawodach tak\u017ce wzi\u0119li udzia\u0142 sportowcy z Bia\u0142orusi, reprezentuj\u0105c klub sportowy \u201eSok\u00f3\u0142\u201d Grodno. Przed startem w centrum miasta przy miejskiej fontannie odby\u0142o si\u0119 uroczyste otwarcie zawod\u00f3w, na kt\u00f3rej uczestniczy\u0142a wielokrotna mistrzyni olimpijska Irena Siewi\u0144ska, z\u0142oty medalista z Montrealu \u2013 pi\u0119cioboista Janusz Gerard Pyciak \u2013 Peciak, Burmistrz Pu\u0142tuska Krzysztof Nuszkiewicz, Mazowiecki kurator Aurelia Micha\u0142owska, dyrektor Publicznej Szko\u0142y Podstawowej Nr. 4 z klasami sportowymi im. Ireny Szewi\u0144skiej w Pu\u0142tusku Krzysztof \u0141achma\u0144ski oraz sponsorzy \u201eSamsung Elektronik\u201d Polska.<\/p>\n<p>W zale\u017cno\u015bci od wieku zawodnicy mieli do pokonania od 300 do 2000 metr\u00f3w. W tym roku wody rzeki Narew zala\u0142y miejsk\u0105 pla\u017c\u0119, na kt\u00f3rej mieli startowa\u0107 biegacze i organizatorowie start przenie\u015bli na wa\u0142 przeciwpowodziowy. Z wieczora i noc\u0105 pada\u0142 deszcz, ale podczas zawod\u00f3w by\u0142o s\u0142onecznie i w miar\u0119 ciep\u0142o. Zawodnicy startowali przy fontannie miejskiej, biegli po wale przeciwpowodziowym i po przebiegni\u0119ciu po rynku miejskim finiszowali przy miejskiej fontannie.<\/p>\n<p>Pierwsza na starcie stan\u0119\u0142a Emilia Mincewicz w grupie dziewcz\u0105t 2005-2006 r. ur. Emilia startowa\u0142a na dystansie 900 m. Po raz pierwszy, startuj\u0105c w tak licznym gronie zawodniczek, na starcie troch\u0119 si\u0119 zatraci\u0142a w\u015br\u00f3d 105 startuj\u0105cych, ale po pokonaniu po\u0142owy dystansu Emila bieg\u0142a ju\u017c 15, mocno pobieg\u0142a ostatnie 300 m i finiszowa\u0142a na 5 miejscu.<\/p>\n<p>Nast\u0119pnie na starcie 1100 m w grupie ch\u0142opc\u00f3w 2005-2006 r. ur. stan\u0105\u0142 Karol Chmielewski. Karol ze startu wybieg\u0142 35 w\u015br\u00f3d 106 osobowej grupy biegaczy. Karol dobrze bieg\u0142 po wale przeciwpowodziowym i na mecie zaj\u0105\u0142 23 miejsce. Nast\u0119pnie na starcie 1400 m stan\u0105\u0142 Daniel Bartusewicz w grupie ch\u0142opc\u00f3w 2004 r. ur. Daniel od samego pocz\u0105tku bieg\u0142 w\u015br\u00f3d lider\u00f3w, a po pokonaniu po\u0142owy dystansu wyszed\u0142 na prowadzenie i do mety nie ust\u0105pi\u0142 pierwsze\u0144stwa, staj\u0105c na najwy\u017cszym schodku podium. Nast\u0119pnie w grupie dziewcz\u0105t 2002-2003 r. ur. startowa\u0142a Kamila Jakubauskaite na dystansie 1400 m. Kamila szybko bieg\u0142a po wale przeciwpowodziowym, mocno przy\u015bpieszy\u0142a na ulicach miasta i zaj\u0119\u0142a trzecie miejsce, niewiele ust\u0119puj\u0105c przedstawicielkom Bia\u0142orusi.<\/p>\n<p>Dariusz Zabe\u0142o i Marek Griniuk w tej samej grupie ch\u0142opc\u00f3w startowali na dystansie 2000 m. Dariusz spokojnie rozpocz\u0105\u0142 bieg, ale ju\u017c po pokonaniu 1000 m bieg\u0142 na 1 pozycji. Przed wbiegni\u0119ciem na ulice miasta prowadzi\u0142 z 30-metrow\u0105 przewag\u0105, szybko pokona\u0142 ostatnie 200 m na placu miejskim i finiszowa\u0142 pierwszy. Marek zbyt wolno rozpocz\u0105\u0142 bieg i na p\u00f3\u0142metku bieg\u0142 na 14 pozycji, dobrze pobieg\u0142 ostatni odcinek trasy i zaj\u0105\u0142 6 miejsce.<\/p>\n<p>Po zako\u0144czeniu bieg\u00f3w odby\u0142o si\u0119 nagrodzenie zdobywc\u00f3w 1-3 miejsca dyplomami i nagrodami rzeczowymi od sponsora generalnego firmy Samsung. Medalist\u00f3w nagradzali mistrzyni olimpijska Irena Szewi\u0144ska, z\u0142oty medalista olimpijki Janusz Gerard Pyciak \u2013 Peciak, Mazowiecki kurator Aurelia Micha\u0142owska, burmistrz miasta Krzysztof Nuszkiewicz, przedstawiciel firmy Samsung, dyrektor Publicznej Szko\u0142y Podstawowej Nr. 4 z klasami sportowymi im. Ireny Szewi\u0144skiej w Pu\u0142tusku Krzysztof \u0141achma\u0144ski. Tak\u017ce zosta\u0142y nagrodzone najlepsze szko\u0142y w dru\u017cynowej klasyfikacji, w grupie szk\u00f3\u0142 podstawowych, gimnazjum i klub\u00f3w sportowych.<\/p>\n<p>Wspania\u0142a atmosfera zawod\u00f3w, mo\u017cliwo\u015b\u0107 na \u017cywo zobaczy\u0107, zrobi\u0107 zdj\u0119cia, otrzyma\u0107 autograf i gratulacje na podium od Ireny Szewi\u0144skiej zostawi\u0142y niesamowite wra\u017cenia.<\/p>\n<p>Gratulujemy Kamili, Dariuszowi oraz Danielowi i \u017cyczymy udanych start\u00f3w 4 maja na Mistrzostwach Litwy w biegach prze\u0142ajowych w Po\u0142\u0105dze.<\/p>\n<p style=\"text-align: right;\">Dyrektor Szko\u0142y Sportowej<br \/>\nSamorz\u0105du Rejonu Wile\u0144skiego<br \/>\n<span style=\"font-family: Verdana, Geneva, sans-serif; font-weight: inherit;\">Marian Kaczanowski<\/span><\/p>\n<div id='gallery-1' class='gallery galleryid-4630 gallery-columns-4 gallery-size-thumbnail'><figure class='gallery-item'>\n\t\t\t<div class='gallery-icon landscape'>\n\t\t\t\t<a href='https:\/\/www.sportomokykla.lt\/vrssm\/wp\/wp-content\/uploads\/2018\/04\/IMG_5283-1.jpg'><img loading=\"lazy\" decoding=\"async\" width=\"150\" height=\"150\" src=\"https:\/\/www.sportomokykla.lt\/vrssm\/wp\/wp-content\/uploads\/2018\/04\/IMG_5283-1-150x150.jpg\" class=\"attachment-thumbnail size-thumbnail\" alt=\"\" srcset=\"https:\/\/www.sportomokykla.lt\/vrssm\/wp\/wp-content\/uploads\/2018\/04\/IMG_5283-1-150x150.jpg 150w, https:\/\/www.sportomokykla.lt\/vrssm\/wp\/wp-content\/uploads\/2018\/04\/IMG_5283-1-300x300.jpg 300w, https:\/\/www.sportomokykla.lt\/vrssm\/wp\/wp-content\/uploads\/2018\/04\/IMG_5283-1-768x768.jpg 768w, https:\/\/www.sportomokykla.lt\/vrssm\/wp\/wp-content\/uploads\/2018\/04\/IMG_5283-1-1024x1024.jpg 1024w, https:\/\/www.sportomokykla.lt\/vrssm\/wp\/wp-content\/uploads\/2018\/04\/IMG_5283-1.jpg 1200w\" sizes=\"auto, (max-width: 150px) 100vw, 150px\" \/><\/a>\n\t\t\t<\/div><\/figure><figure class='gallery-item'>\n\t\t\t<div class='gallery-icon landscape'>\n\t\t\t\t<a href='https:\/\/www.sportomokykla.lt\/vrssm\/wp\/wp-content\/uploads\/2018\/04\/IMG_5287-1.jpg'><img loading=\"lazy\" decoding=\"async\" width=\"150\" height=\"150\" src=\"https:\/\/www.sportomokykla.lt\/vrssm\/wp\/wp-content\/uploads\/2018\/04\/IMG_5287-1-150x150.jpg\" class=\"attachment-thumbnail size-thumbnail\" alt=\"\" srcset=\"https:\/\/www.sportomokykla.lt\/vrssm\/wp\/wp-content\/uploads\/2018\/04\/IMG_5287-1-150x150.jpg 150w, https:\/\/www.sportomokykla.lt\/vrssm\/wp\/wp-content\/uploads\/2018\/04\/IMG_5287-1-300x300.jpg 300w, https:\/\/www.sportomokykla.lt\/vrssm\/wp\/wp-content\/uploads\/2018\/04\/IMG_5287-1-768x768.jpg 768w, https:\/\/www.sportomokykla.lt\/vrssm\/wp\/wp-content\/uploads\/2018\/04\/IMG_5287-1-1024x1024.jpg 1024w, https:\/\/www.sportomokykla.lt\/vrssm\/wp\/wp-content\/uploads\/2018\/04\/IMG_5287-1.jpg 1200w\" sizes=\"auto, (max-width: 150px) 100vw, 150px\" \/><\/a>\n\t\t\t<\/div><\/figure><figure class='gallery-item'>\n\t\t\t<div class='gallery-icon landscape'>\n\t\t\t\t<a href='https:\/\/www.sportomokykla.lt\/vrssm\/wp\/wp-content\/uploads\/2018\/04\/IMG_5290-1.jpg'><img loading=\"lazy\" decoding=\"async\" width=\"150\" height=\"150\" src=\"https:\/\/www.sportomokykla.lt\/vrssm\/wp\/wp-content\/uploads\/2018\/04\/IMG_5290-1-150x150.jpg\" class=\"attachment-thumbnail size-thumbnail\" alt=\"\" \/><\/a>\n\t\t\t<\/div><\/figure><figure class='gallery-item'>\n\t\t\t<div class='gallery-icon landscape'>\n\t\t\t\t<a href='https:\/\/www.sportomokykla.lt\/vrssm\/wp\/wp-content\/uploads\/2018\/04\/IMG_5294-1.jpg'><img loading=\"lazy\" decoding=\"async\" width=\"150\" height=\"150\" src=\"https:\/\/www.sportomokykla.lt\/vrssm\/wp\/wp-content\/uploads\/2018\/04\/IMG_5294-1-150x150.jpg\" class=\"attachment-thumbnail size-thumbnail\" alt=\"\" \/><\/a>\n\t\t\t<\/div><\/figure><figure class='gallery-item'>\n\t\t\t<div class='gallery-icon landscape'>\n\t\t\t\t<a href='https:\/\/www.sportomokykla.lt\/vrssm\/wp\/wp-content\/uploads\/2018\/04\/IMG_5314-1.jpg'><img loading=\"lazy\" decoding=\"async\" width=\"150\" height=\"150\" src=\"https:\/\/www.sportomokykla.lt\/vrssm\/wp\/wp-content\/uploads\/2018\/04\/IMG_5314-1-150x150.jpg\" class=\"attachment-thumbnail size-thumbnail\" alt=\"\" \/><\/a>\n\t\t\t<\/div><\/figure><figure class='gallery-item'>\n\t\t\t<div class='gallery-icon landscape'>\n\t\t\t\t<a href='https:\/\/www.sportomokykla.lt\/vrssm\/wp\/wp-content\/uploads\/2018\/04\/IMG_5316-1.jpg'><img loading=\"lazy\" decoding=\"async\" width=\"150\" height=\"150\" src=\"https:\/\/www.sportomokykla.lt\/vrssm\/wp\/wp-content\/uploads\/2018\/04\/IMG_5316-1-150x150.jpg\" class=\"attachment-thumbnail size-thumbnail\" alt=\"\" srcset=\"https:\/\/www.sportomokykla.lt\/vrssm\/wp\/wp-content\/uploads\/2018\/04\/IMG_5316-1-150x150.jpg 150w, https:\/\/www.sportomokykla.lt\/vrssm\/wp\/wp-content\/uploads\/2018\/04\/IMG_5316-1-300x300.jpg 300w, https:\/\/www.sportomokykla.lt\/vrssm\/wp\/wp-content\/uploads\/2018\/04\/IMG_5316-1-768x768.jpg 768w, https:\/\/www.sportomokykla.lt\/vrssm\/wp\/wp-content\/uploads\/2018\/04\/IMG_5316-1-1024x1024.jpg 1024w, https:\/\/www.sportomokykla.lt\/vrssm\/wp\/wp-content\/uploads\/2018\/04\/IMG_5316-1.jpg 1200w\" sizes=\"auto, (max-width: 150px) 100vw, 150px\" \/><\/a>\n\t\t\t<\/div><\/figure><figure class='gallery-item'>\n\t\t\t<div class='gallery-icon landscape'>\n\t\t\t\t<a href='https:\/\/www.sportomokykla.lt\/vrssm\/wp\/wp-content\/uploads\/2018\/04\/IMG_5319-1.jpg'><img loading=\"lazy\" decoding=\"async\" width=\"150\" height=\"150\" src=\"https:\/\/www.sportomokykla.lt\/vrssm\/wp\/wp-content\/uploads\/2018\/04\/IMG_5319-1-150x150.jpg\" class=\"attachment-thumbnail size-thumbnail\" alt=\"\" \/><\/a>\n\t\t\t<\/div><\/figure><figure class='gallery-item'>\n\t\t\t<div class='gallery-icon landscape'>\n\t\t\t\t<a href='https:\/\/www.sportomokykla.lt\/vrssm\/wp\/wp-content\/uploads\/2018\/04\/IMG_5321-1.jpg'><img loading=\"lazy\" decoding=\"async\" width=\"150\" height=\"150\" src=\"https:\/\/www.sportomokykla.lt\/vrssm\/wp\/wp-content\/uploads\/2018\/04\/IMG_5321-1-150x150.jpg\" class=\"attachment-thumbnail size-thumbnail\" alt=\"\" \/><\/a>\n\t\t\t<\/div><\/figure><figure class='gallery-item'>\n\t\t\t<div class='gallery-icon landscape'>\n\t\t\t\t<a href='https:\/\/www.sportomokykla.lt\/vrssm\/wp\/wp-content\/uploads\/2018\/04\/IMG_5322-1.jpg'><img loading=\"lazy\" decoding=\"async\" width=\"150\" height=\"150\" src=\"https:\/\/www.sportomokykla.lt\/vrssm\/wp\/wp-content\/uploads\/2018\/04\/IMG_5322-1-150x150.jpg\" class=\"attachment-thumbnail size-thumbnail\" alt=\"\" \/><\/a>\n\t\t\t<\/div><\/figure><figure class='gallery-item'>\n\t\t\t<div class='gallery-icon portrait'>\n\t\t\t\t<a href='https:\/\/www.sportomokykla.lt\/vrssm\/wp\/wp-content\/uploads\/2018\/04\/IMG_5328-1.jpg'><img loading=\"lazy\" decoding=\"async\" width=\"150\" height=\"150\" src=\"https:\/\/www.sportomokykla.lt\/vrssm\/wp\/wp-content\/uploads\/2018\/04\/IMG_5328-1-150x150.jpg\" class=\"attachment-thumbnail size-thumbnail\" alt=\"\" \/><\/a>\n\t\t\t<\/div><\/figure><figure class='gallery-item'>\n\t\t\t<div class='gallery-icon landscape'>\n\t\t\t\t<a href='https:\/\/www.sportomokykla.lt\/vrssm\/wp\/wp-content\/uploads\/2018\/04\/IMG_5334-1.jpg'><img loading=\"lazy\" decoding=\"async\" width=\"150\" height=\"150\" src=\"https:\/\/www.sportomokykla.lt\/vrssm\/wp\/wp-content\/uploads\/2018\/04\/IMG_5334-1-150x150.jpg\" class=\"attachment-thumbnail size-thumbnail\" alt=\"\" \/><\/a>\n\t\t\t<\/div><\/figure><figure class='gallery-item'>\n\t\t\t<div class='gallery-icon landscape'>\n\t\t\t\t<a href='https:\/\/www.sportomokykla.lt\/vrssm\/wp\/wp-content\/uploads\/2018\/04\/IMG_5339-1.jpg'><img loading=\"lazy\" decoding=\"async\" width=\"150\" height=\"150\" src=\"https:\/\/www.sportomokykla.lt\/vrssm\/wp\/wp-content\/uploads\/2018\/04\/IMG_5339-1-150x150.jpg\" class=\"attachment-thumbnail size-thumbnail\" alt=\"\" \/><\/a>\n\t\t\t<\/div><\/figure>\n\t\t<\/div>\n\n","protected":false},"excerpt":{"rendered":"<p>W dniach 23-24 kwietnia w Domu Polonii w Pu\u0142tusku odby\u0142y si\u0119 posiedzenia komisji M\u0142odzie\u017cy, Sportu i Turystyki Rady Krajowej oraz Rady Konsultacyjnej Stowarzyszenia \u201eWsp\u00f3lnota Polska\u201d, w obradach kt\u00f3rej wzi\u0105\u0142 udzia\u0142 Marian Kaczanowski \u2013 cz\u0142onek Rady Konsultacyjnej SWP. Prezes Stowarzyszenia Wsp\u00f3lnota Polska Dariusz Bonis\u0142awski podkre\u015bli\u0142, \u017ce sport polonijny wychodzi na pierwsze miejsce razem ze wspieraniem szk\u00f3\u0142 [&hellip;]<\/p>\n","protected":false},"author":1,"featured_media":4628,"comment_status":"closed","ping_status":"closed","sticky":false,"template":"","format":"standard","meta":{"footnotes":""},"categories":[7,12],"tags":[],"class_list":["post-4630","post","type-post","status-publish","format-standard","has-post-thumbnail","hentry","category-aktualia","category-zawody"],"_links":{"self":[{"href":"https:\/\/www.sportomokykla.lt\/index.php?rest_route=\/wp\/v2\/posts\/4630","targetHints":{"allow":["GET"]}}],"collection":[{"href":"https:\/\/www.sportomokykla.lt\/index.php?rest_route=\/wp\/v2\/posts"}],"about":[{"href":"https:\/\/www.sportomokykla.lt\/index.php?rest_route=\/wp\/v2\/types\/post"}],"author":[{"embeddable":true,"href":"https:\/\/www.sportomokykla.lt\/index.php?rest_route=\/wp\/v2\/users\/1"}],"replies":[{"embeddable":true,"href":"https:\/\/www.sportomokykla.lt\/index.php?rest_route=%2Fwp%2Fv2%2Fcomments&post=4630"}],"version-history":[{"count":2,"href":"https:\/\/www.sportomokykla.lt\/index.php?rest_route=\/wp\/v2\/posts\/4630\/revisions"}],"predecessor-version":[{"id":4645,"href":"https:\/\/www.sportomokykla.lt\/index.php?rest_route=\/wp\/v2\/posts\/4630\/revisions\/4645"}],"wp:featuredmedia":[{"embeddable":true,"href":"https:\/\/www.sportomokykla.lt\/index.php?rest_route=\/wp\/v2\/media\/4628"}],"wp:attachment":[{"href":"https:\/\/www.sportomokykla.lt\/index.php?rest_route=%2Fwp%2Fv2%2Fmedia&parent=4630"}],"wp:term":[{"taxonomy":"category","embeddable":true,"href":"https:\/\/www.sportomokykla.lt\/index.php?rest_route=%2Fwp%2Fv2%2Fcategories&post=4630"},{"taxonomy":"post_tag","embeddable":true,"href":"https:\/\/www.sportomokykla.lt\/index.php?rest_route=%2Fwp%2Fv2%2Ftags&post=4630"}],"curies":[{"name":"wp","href":"https:\/\/api.w.org\/{rel}","templated":true}]}}