{"id":5619,"date":"2018-09-26T09:45:42","date_gmt":"2018-09-26T06:45:42","guid":{"rendered":"http:\/\/www.sportomokykla.lt\/?p=5619"},"modified":"2018-09-26T09:46:52","modified_gmt":"2018-09-26T06:46:52","slug":"diana-tabunowa-zdobyla-3-miejsce-w-miedzynarodowym-turnieju-utena-2018","status":"publish","type":"post","link":"https:\/\/www.sportomokykla.lt\/?p=5619&lang=pl","title":{"rendered":"Diana Tabunowa zdoby\u0142a 3 miejsce w Mi\u0119dzynarodowym  Turnieju \u201eUTENA 2018&#8243;"},"content":{"rendered":"<p>23 wrze\u015bnia 2018 r. w Ucianie odby\u0142 si\u0119 Mi\u0119dzynarodowy\u00a0 Turniej\u00a0 Tenisa Sto\u0142owego \u201eUTENA 2018\u201c<em>. <\/em>W zawodach wzi\u0119li udzia\u0142 r\u00f3wnie\u017c wychowankowie Szko\u0142y Sportowej Samorz\u0105du Rejonu Wile\u0144skiego z Mickun. Tenisistka Diana Tabunowa\u00a0 zdoby\u0142a 3 miejsce w grupie 2006 r. urodzenia i m\u0142odszych, wyprzedzi\u0142y j\u0105 tylko tenisistki\u00a0 maj\u0105ce 1 i 2 miejsca w rankingu tenisistek m\u0142odszej grupy. Agnieszce Rackiewicz za\u015b uda\u0142o si\u0119 wywalczy\u0107 8 miejsce. Ch\u0142opcy rywalizowali w grupie zawodnik\u00f3w 2004 r. urodzenia i m\u0142odszych, gdzie Edwin Prystawko \u00a0zdoby\u0142 7 miejsce, a \u0141ukasz Kubarewicz 9 miejsce. W najm\u0142odszej grupie tenisist\u00f3w 2008 r. urodzenia i m\u0142odszych Sebastian Stefanowicz zaj\u0105\u0142 7 miejsce.<\/p>\n<p style=\"text-align: right;\">Trener Szko\u0142y Sportowej<br \/>\nSamorz\u0105du Rejonu Wile\u0144skiego<br \/>\nMark Wajtonis<\/p>\n<div id='gallery-1' class='gallery galleryid-5619 gallery-columns-2 gallery-size-thumbnail'><figure class='gallery-item'>\n\t\t\t<div class='gallery-icon landscape'>\n\t\t\t\t<a href='https:\/\/www.sportomokykla.lt\/vrssm\/wp\/wp-content\/uploads\/2018\/09\/42354913_2272355782794395_1512800001204420608_n-1.jpg'><img loading=\"lazy\" decoding=\"async\" width=\"150\" height=\"150\" src=\"https:\/\/www.sportomokykla.lt\/vrssm\/wp\/wp-content\/uploads\/2018\/09\/42354913_2272355782794395_1512800001204420608_n-1-150x150.jpg\" class=\"attachment-thumbnail size-thumbnail\" alt=\"\" \/><\/a>\n\t\t\t<\/div><\/figure><figure class='gallery-item'>\n\t\t\t<div class='gallery-icon landscape'>\n\t\t\t\t<a href='https:\/\/www.sportomokykla.lt\/vrssm\/wp\/wp-content\/uploads\/2018\/09\/42494626_2272343069462333_7044979549334929408_n-1.jpg'><img loading=\"lazy\" decoding=\"async\" width=\"150\" height=\"150\" src=\"https:\/\/www.sportomokykla.lt\/vrssm\/wp\/wp-content\/uploads\/2018\/09\/42494626_2272343069462333_7044979549334929408_n-1-150x150.jpg\" class=\"attachment-thumbnail size-thumbnail\" alt=\"\" \/><\/a>\n\t\t\t<\/div><\/figure>\n\t\t<\/div>\n\n","protected":false},"excerpt":{"rendered":"<p>23 wrze\u015bnia 2018 r. w Ucianie odby\u0142 si\u0119 Mi\u0119dzynarodowy\u00a0 Turniej\u00a0 Tenisa Sto\u0142owego \u201eUTENA 2018\u201c. W zawodach wzi\u0119li udzia\u0142 r\u00f3wnie\u017c wychowankowie Szko\u0142y Sportowej Samorz\u0105du Rejonu Wile\u0144skiego z Mickun. Tenisistka Diana Tabunowa\u00a0 zdoby\u0142a 3 miejsce w grupie 2006 r. urodzenia i m\u0142odszych, wyprzedzi\u0142y j\u0105 tylko tenisistki\u00a0 maj\u0105ce 1 i 2 miejsca w rankingu tenisistek m\u0142odszej grupy. Agnieszce [&hellip;]<\/p>\n","protected":false},"author":1,"featured_media":5618,"comment_status":"closed","ping_status":"closed","sticky":false,"template":"","format":"standard","meta":{"footnotes":""},"categories":[7,107],"tags":[],"class_list":["post-5619","post","type-post","status-publish","format-standard","has-post-thumbnail","hentry","category-aktualia","category-turnieje"],"_links":{"self":[{"href":"https:\/\/www.sportomokykla.lt\/index.php?rest_route=\/wp\/v2\/posts\/5619","targetHints":{"allow":["GET"]}}],"collection":[{"href":"https:\/\/www.sportomokykla.lt\/index.php?rest_route=\/wp\/v2\/posts"}],"about":[{"href":"https:\/\/www.sportomokykla.lt\/index.php?rest_route=\/wp\/v2\/types\/post"}],"author":[{"embeddable":true,"href":"https:\/\/www.sportomokykla.lt\/index.php?rest_route=\/wp\/v2\/users\/1"}],"replies":[{"embeddable":true,"href":"https:\/\/www.sportomokykla.lt\/index.php?rest_route=%2Fwp%2Fv2%2Fcomments&post=5619"}],"version-history":[{"count":3,"href":"https:\/\/www.sportomokykla.lt\/index.php?rest_route=\/wp\/v2\/posts\/5619\/revisions"}],"predecessor-version":[{"id":5624,"href":"https:\/\/www.sportomokykla.lt\/index.php?rest_route=\/wp\/v2\/posts\/5619\/revisions\/5624"}],"wp:featuredmedia":[{"embeddable":true,"href":"https:\/\/www.sportomokykla.lt\/index.php?rest_route=\/wp\/v2\/media\/5618"}],"wp:attachment":[{"href":"https:\/\/www.sportomokykla.lt\/index.php?rest_route=%2Fwp%2Fv2%2Fmedia&parent=5619"}],"wp:term":[{"taxonomy":"category","embeddable":true,"href":"https:\/\/www.sportomokykla.lt\/index.php?rest_route=%2Fwp%2Fv2%2Fcategories&post=5619"},{"taxonomy":"post_tag","embeddable":true,"href":"https:\/\/www.sportomokykla.lt\/index.php?rest_route=%2Fwp%2Fv2%2Ftags&post=5619"}],"curies":[{"name":"wp","href":"https:\/\/api.w.org\/{rel}","templated":true}]}}