{"id":6189,"date":"2018-11-28T12:52:44","date_gmt":"2018-11-28T10:52:44","guid":{"rendered":"http:\/\/www.sportomokykla.lt\/?p=6189"},"modified":"2018-11-28T12:53:05","modified_gmt":"2018-11-28T10:53:05","slug":"igrzyska-mlodzikow-i-nadziei-olimpijskich-litwy-dobiegly-konca","status":"publish","type":"post","link":"https:\/\/www.sportomokykla.lt\/?p=6189&lang=pl","title":{"rendered":"Igrzyska M\u0142odzik\u00f3w i Nadziei Olimpijskich Litwy dobieg\u0142y ko\u0144ca"},"content":{"rendered":"<p>23 listopada w hotelu \u201eKarolina\u201d w Wilnie odby\u0142o si\u0119 uhonorowanie zwyci\u0119zc\u00f3w Igrzysk M\u0142odzik\u00f3w i Nadziei Sportowych Litwy 2018. W nagrodzeniu wzi\u0119\u0142a udzia\u0142 Daina Gudziniewicziutie \u2013 prezydent Litewskiego Narodowego Komitetu Olimpijskiego, Rimantas Kwiesielaitis \u2013 prezydent Zwi\u0105zku Sportowych Federacji Litwy, Kornelija Tiesnesitie \u2013 czasowo pe\u0142ni\u0105ca obowi\u0105zki dyrektora Departamentu Sportu.<\/p>\n<p>Przedstawiciele rejonu wile\u0144skiego uczestniczyli w 9 dyscyplinach sportowych i zaj\u0119li zespo\u0142owo 5 miejsce, ust\u0119puj\u0105c do trzeciego zaledwie 9 punkt\u00f3w. Sportowcy rejonu sto\u0142ecznego zdobyli 457 punkt\u00f3w. Najlepiej wyst\u0105pili wychowankowie szkoleniowca Witautasa Wilipasa w unihokeju, zdobywaj\u0105c z\u0142ote medale w\u015br\u00f3d ch\u0142opc\u00f3w. Zesp\u00f3\u0142 dziewcz\u0105t prowadzony przez Witautasa Wilipasa i Saulusa Bariawicziusa zaj\u0105\u0142 2 miejsce w unihokeju. O krok od medali zostali laskarze, zajmuj\u0105c 4 miejsce, szkoleniowiec W. Wilipas.<\/p>\n<p>Zdobywcom 1-3 miejsc w klasyfikacji samorz\u0105d\u00f3w, centr\u00f3w sportowych i federacji zosta\u0142y wr\u0119czone listy gratulacyjne, puchary i kupony pieni\u0119\u017cne na zakup sprz\u0119tu sportowego.<\/p>\n<p style=\"text-align: right;\">Marian Kaczanowski<br \/>\nDyrektor Szko\u0142y Sportowej<br \/>\nSamorz\u0105du Rejonu Wile\u0144skiego<\/p>\n<div id='gallery-1' class='gallery galleryid-6189 gallery-columns-4 gallery-size-thumbnail'><figure class='gallery-item'>\n\t\t\t<div class='gallery-icon landscape'>\n\t\t\t\t<a href='https:\/\/www.sportomokykla.lt\/vrssm\/wp\/wp-content\/uploads\/2018\/11\/IMG_6724-1.jpg'><img loading=\"lazy\" decoding=\"async\" width=\"150\" height=\"150\" src=\"https:\/\/www.sportomokykla.lt\/vrssm\/wp\/wp-content\/uploads\/2018\/11\/IMG_6724-1-150x150.jpg\" class=\"attachment-thumbnail size-thumbnail\" alt=\"\" \/><\/a>\n\t\t\t<\/div><\/figure><figure class='gallery-item'>\n\t\t\t<div class='gallery-icon landscape'>\n\t\t\t\t<a href='https:\/\/www.sportomokykla.lt\/vrssm\/wp\/wp-content\/uploads\/2018\/11\/IMG_6718-1.jpg'><img loading=\"lazy\" decoding=\"async\" width=\"150\" height=\"150\" src=\"https:\/\/www.sportomokykla.lt\/vrssm\/wp\/wp-content\/uploads\/2018\/11\/IMG_6718-1-150x150.jpg\" class=\"attachment-thumbnail size-thumbnail\" alt=\"\" \/><\/a>\n\t\t\t<\/div><\/figure><figure class='gallery-item'>\n\t\t\t<div class='gallery-icon landscape'>\n\t\t\t\t<a href='https:\/\/www.sportomokykla.lt\/vrssm\/wp\/wp-content\/uploads\/2018\/11\/IMG_6726-1.jpg'><img loading=\"lazy\" decoding=\"async\" width=\"150\" height=\"150\" src=\"https:\/\/www.sportomokykla.lt\/vrssm\/wp\/wp-content\/uploads\/2018\/11\/IMG_6726-1-150x150.jpg\" class=\"attachment-thumbnail size-thumbnail\" alt=\"\" \/><\/a>\n\t\t\t<\/div><\/figure><figure class='gallery-item'>\n\t\t\t<div class='gallery-icon landscape'>\n\t\t\t\t<a href='https:\/\/www.sportomokykla.lt\/vrssm\/wp\/wp-content\/uploads\/2018\/11\/IMG_6729-1.jpg'><img loading=\"lazy\" decoding=\"async\" width=\"150\" height=\"150\" src=\"https:\/\/www.sportomokykla.lt\/vrssm\/wp\/wp-content\/uploads\/2018\/11\/IMG_6729-1-150x150.jpg\" class=\"attachment-thumbnail size-thumbnail\" alt=\"\" \/><\/a>\n\t\t\t<\/div><\/figure>\n\t\t<\/div>\n\n<p style=\"text-align: center;\">\n","protected":false},"excerpt":{"rendered":"<p>23 listopada w hotelu \u201eKarolina\u201d w Wilnie odby\u0142o si\u0119 uhonorowanie zwyci\u0119zc\u00f3w Igrzysk M\u0142odzik\u00f3w i Nadziei Sportowych Litwy 2018. W nagrodzeniu wzi\u0119\u0142a udzia\u0142 Daina Gudziniewicziutie \u2013 prezydent Litewskiego Narodowego Komitetu Olimpijskiego, Rimantas Kwiesielaitis \u2013 prezydent Zwi\u0105zku Sportowych Federacji Litwy, Kornelija Tiesnesitie \u2013 czasowo pe\u0142ni\u0105ca obowi\u0105zki dyrektora Departamentu Sportu. Przedstawiciele rejonu wile\u0144skiego uczestniczyli w 9 dyscyplinach sportowych [&hellip;]<\/p>\n","protected":false},"author":1,"featured_media":6185,"comment_status":"closed","ping_status":"closed","sticky":false,"template":"","format":"standard","meta":{"footnotes":""},"categories":[7,31],"tags":[],"class_list":["post-6189","post","type-post","status-publish","format-standard","has-post-thumbnail","hentry","category-aktualia","category-imprezy"],"_links":{"self":[{"href":"https:\/\/www.sportomokykla.lt\/index.php?rest_route=\/wp\/v2\/posts\/6189","targetHints":{"allow":["GET"]}}],"collection":[{"href":"https:\/\/www.sportomokykla.lt\/index.php?rest_route=\/wp\/v2\/posts"}],"about":[{"href":"https:\/\/www.sportomokykla.lt\/index.php?rest_route=\/wp\/v2\/types\/post"}],"author":[{"embeddable":true,"href":"https:\/\/www.sportomokykla.lt\/index.php?rest_route=\/wp\/v2\/users\/1"}],"replies":[{"embeddable":true,"href":"https:\/\/www.sportomokykla.lt\/index.php?rest_route=%2Fwp%2Fv2%2Fcomments&post=6189"}],"version-history":[{"count":1,"href":"https:\/\/www.sportomokykla.lt\/index.php?rest_route=\/wp\/v2\/posts\/6189\/revisions"}],"predecessor-version":[{"id":6195,"href":"https:\/\/www.sportomokykla.lt\/index.php?rest_route=\/wp\/v2\/posts\/6189\/revisions\/6195"}],"wp:featuredmedia":[{"embeddable":true,"href":"https:\/\/www.sportomokykla.lt\/index.php?rest_route=\/wp\/v2\/media\/6185"}],"wp:attachment":[{"href":"https:\/\/www.sportomokykla.lt\/index.php?rest_route=%2Fwp%2Fv2%2Fmedia&parent=6189"}],"wp:term":[{"taxonomy":"category","embeddable":true,"href":"https:\/\/www.sportomokykla.lt\/index.php?rest_route=%2Fwp%2Fv2%2Fcategories&post=6189"},{"taxonomy":"post_tag","embeddable":true,"href":"https:\/\/www.sportomokykla.lt\/index.php?rest_route=%2Fwp%2Fv2%2Ftags&post=6189"}],"curies":[{"name":"wp","href":"https:\/\/api.w.org\/{rel}","templated":true}]}}