{"id":6266,"date":"2018-12-22T23:19:06","date_gmt":"2018-12-22T21:19:06","guid":{"rendered":"http:\/\/www.sportomokykla.lt\/?p=6266"},"modified":"2018-12-22T23:19:06","modified_gmt":"2018-12-22T21:19:06","slug":"przedswiateczne-starty-biatlonistow-rejonu-wilenskiego-w-austrii-francji-i-czechach","status":"publish","type":"post","link":"https:\/\/www.sportomokykla.lt\/?p=6266&lang=pl","title":{"rendered":"Przed\u015bwi\u0105teczne starty biatlonist\u00f3w rejonu Wile\u0144skiego w Austrii, Francji i Czechach"},"content":{"rendered":"<p>W dniach 19-20 grudnia biatloni\u015bci rejonu wile\u0144skiego startowali na mi\u0119dzynarodowych zawodach w biatlonie w Obertilliach (Austria), Les Rousses (Francja) i Nove Mesto na Morave (Czechy).<\/p>\n<p>Karol D\u0105browski startowa\u0142 w 3 edycji Pucharu \u015awiata w czeskim Nove Mesto na Morave w sprincie na 10 km. Staruj\u0105c w gronie najsilniejszych biatlonist\u00f3w \u015bwiata Karol dobrze rozpocz\u0105\u0142 wy\u015bcig, na pierwszym strzelaniu le\u017c\u0105c by\u0142 bezb\u0142\u0119dny i \u015blizgn\u0105\u0142 na 46 miejscu. Na drugim strzelaniu stoj\u0105c pud\u0142owa\u0142 dwa razy i na ostatnie okr\u0105\u017cenie wy\u015blizgn\u0105\u0142 na 68 pozycji. Karol D\u0105browski szybko pokona\u0142 ostatnie 3,3 km i na mecie zaj\u0105\u0142 71 miejsce w\u015br\u00f3d 105 startuj\u0105cych, pokonuj\u0105c 10 km za 26 min. 08 sek. Vytautas Strolia zaj\u0105\u0142 57 miejsce z wynikiem 25 min. 39 sek. Tomas Kaukenas finiszowa\u0142 101 z czasem. 27 min. 46 sek.<\/p>\n<p>Nikita Romanow startowa\u0142 w Obertilliach na Pucharze Europy w biatlonie w wy\u015bcigu indywidualnym na 20 km ze strzelaniem le\u017c\u0105c + stoj\u0105c + le\u017c\u0105c + stoj\u0105c, gdzie za ka\u017cdy niecelny strza\u0142 dodawano po karnej minucie do czasu pokonania dystansu. Nikita Romanow na pierwszym strzelaniu le\u017c\u0105c by\u0142 bezb\u0142\u0119dny i zajmowa\u0142 49 miejsce, na drugim stoj\u0105c pope\u0142ni\u0142 2 b\u0142\u0119dy i zajmowa\u0142 93 miejsce. Na ostatnich dw\u00f3ch strzelaniach le\u017c\u0105c i stoj\u0105c pomyli\u0142 si\u0119 tylko raz i na mecie zaj\u0105\u0142 92 miejsce w\u015br\u00f3d 112 startuj\u0105cych, pokonuj\u0105c 20 km za 1 godz. 02 min. 32,7 sek.<\/p>\n<p>Wiktoria Romanowa i Sara Urumowa startowa\u0142y w 2 edycji Juniorskiego Biatlonowego Pucharu \u015awiata w Les Rousses. W pierwszym dniu zawod\u00f3w 19 grudnia Sara Urumowa razem z Maksimem Fominem startowa\u0142a w pojedynczych sztafetach mieszanych (ang. single mix relay), ze strzelaniem le\u017c\u0105c + stoj\u0105c, gdzie za ka\u017cdy niecelny strza\u0142 mieli do pokonania karn\u0105 rund\u0119 75 m d\u0142ugo\u015bci. Biatloni\u015bci do zamkni\u0119cia 5 tarcz mieli 8 naboi, kt\u00f3re jak najbardziej by\u0142y potrzebne dla wszystkich zawodnik\u00f3w, kt\u00f3rym w celnym strzelaniu przeszkadza\u0142 porywisty wiatr z deszczem. Pierwszy startowa\u0142 Maksim Fomin i mia\u0142 pokona\u0107 3 km ze strzelaniem le\u017c\u0105c + stoj\u0105c. Maksim strzelaj\u0105c pope\u0142ni\u0142 2 b\u0142\u0119dy i sztafet\u0119 przekaza\u0142 Sarze na 15 pozycji. Na drugiej zmianie biegn\u0105ca Sara Urumowa tak\u017ce mia\u0142a do pokonania 3 km. Sara na strzelnicy by\u0142a bezb\u0142\u0119dna i przekaza\u0142a sztafet\u0119 na 16 pozycji dla Maksima, kt\u00f3ry nast\u0119pne 3 km pokona\u0142 szybko, na strzelaniu by\u0142 bezb\u0142\u0119dny i zachowa\u0142 16 pozycj\u0119 przed ostatni\u0105 zmian\u0105. Sara na ostatniej zmianie rywalizowa\u0142a na dystansie 4,5 km, strzelanie le\u017c\u0105c wykona\u0142a bezb\u0142\u0119dnie i jecha\u0142a na 15 pozycji, jednak porywisty wiatr przeszkodzi\u0142 celnemu strzelaniu stoj\u0105c i Sara zarobi\u0142a 2 karne kr\u0119gi, kt\u00f3re szybko pokona\u0142a i na ostatnie 1,5 km do mety wy\u015blizgn\u0119\u0142a na 16 miejscu, kt\u00f3re zachowa\u0142a na mecie. Duet Maksima Fomina i Sary Urumowej 13,5 km pokona\u0142 za 53 min. 03 sek., zajmuj\u0105c 16 miejsce w\u015br\u00f3d 23 startuj\u0105cych. Sztafeta Polski zaj\u0119\u0142a 3 miejsce, zesp\u00f3\u0142 z \u0141otwy finiszowa\u0142 na 15 miejscu, a Estonii na 14 miejscu.<\/p>\n<p>W drugim dniu zawod\u00f3w, 20 grudnia Wiktoria Romanowa i Sara Urumowa rywalizowa\u0142y w sprincie na dystansie 7,5 km ze strzelaniem le\u017c\u0105c + stoj\u0105c, gdzie za ka\u017cdy niecelny strza\u0142 mia\u0142y do pokonania karn\u0105 rund\u0119 150 m Najm\u0142odsza uczestniczka zawod\u00f3w Wiktoria Romanowa mia\u0142a mo\u017cliwo\u015b\u0107 przetestowania tras, na kt\u00f3rych w 2020 roku odb\u0119d\u0105 si\u0119 M\u0142odzie\u017cowe Zimowe Igrzyska Olimpijskie, na kt\u00f3rych ma szanse reprezentowa\u0107 Litw\u0119 w zawodach biatlonowych. Wiktoria dobrze rozpocz\u0119\u0142a wy\u015bcig, na pierwszym strzelaniu le\u017c\u0105c by\u0142a bezb\u0142\u0119dna i zajmowa\u0142a 77 miejsce, na drugim strzelaniu stoj\u0105c czwarty strza\u0142 by\u0142y niecelny i nasza biatlonistka musia\u0142a pokona\u0107 dodatkowo 150 m. dystansu i na ostatnie 2,5 km wy\u015blizgn\u0119\u0142a na 87 miejscu. Wiktoria Romanowa bardzo szybko pokona\u0142a ostatnie 2,5 km do mety, wyprzedzi\u0142a 8 rywalek i zaj\u0119\u0142a 79 miejsce w\u015br\u00f3d 98 startuj\u0105cych. Wiktoria 7,5 km pokona\u0142a za 28 min. 35,6 sek. Sara Urumowa na pierwszym strzelaniu le\u017c\u0105c by\u0142a bezb\u0142\u0119dna i zajmowa\u0142a 46 miejsce, na drugim strzelaniu stoj\u0105c tak\u017ce wszystkie strza\u0142y trafi\u0142y do celi i na ostatnie 2,5 km wy\u015blizgn\u0119\u0142a na 56 pozycji. Ostatni kr\u0105g nie by\u0142 tak szybki jak poprzednie i na mecie Sara Urumowa zaj\u0119\u0142a 74 miejsce, pokonuj\u0105c 7,5 km za 27 min. 24,7 sek.<\/p>\n<p>Na \u015bwi\u0119ta biatloni\u015bci wracaj\u0105 do domu, a ju\u017c 28-30 grudnia wezm\u0105 udzia\u0142 w Mistrzostwach Estonii.<\/p>\n<p>\u017byczymy sukces\u00f3w naszym biatlonistom.<\/p>\n<p style=\"text-align: right;\">Marian Kaczanowski<br \/>\nDyrektor Szko\u0142y Sportowej<br \/>\nSamorz\u0105du Rejonu Wile\u0144skiego<\/p>\n<div id='gallery-1' class='gallery galleryid-6266 gallery-columns-3 gallery-size-thumbnail'><figure class='gallery-item'>\n\t\t\t<div class='gallery-icon landscape'>\n\t\t\t\t<a href='https:\/\/www.sportomokykla.lt\/vrssm\/wp\/wp-content\/uploads\/2018\/12\/HOL_1082-1.jpg'><img loading=\"lazy\" decoding=\"async\" width=\"150\" height=\"150\" src=\"https:\/\/www.sportomokykla.lt\/vrssm\/wp\/wp-content\/uploads\/2018\/12\/HOL_1082-1-150x150.jpg\" class=\"attachment-thumbnail size-thumbnail\" alt=\"\" \/><\/a>\n\t\t\t<\/div><\/figure><figure class='gallery-item'>\n\t\t\t<div class='gallery-icon landscape'>\n\t\t\t\t<a href='https:\/\/www.sportomokykla.lt\/vrssm\/wp\/wp-content\/uploads\/2018\/12\/IMG_6820-1.jpg'><img loading=\"lazy\" decoding=\"async\" width=\"150\" height=\"150\" src=\"https:\/\/www.sportomokykla.lt\/vrssm\/wp\/wp-content\/uploads\/2018\/12\/IMG_6820-1-150x150.jpg\" class=\"attachment-thumbnail size-thumbnail\" alt=\"\" srcset=\"https:\/\/www.sportomokykla.lt\/vrssm\/wp\/wp-content\/uploads\/2018\/12\/IMG_6820-1-150x150.jpg 150w, https:\/\/www.sportomokykla.lt\/vrssm\/wp\/wp-content\/uploads\/2018\/12\/IMG_6820-1-300x300.jpg 300w, https:\/\/www.sportomokykla.lt\/vrssm\/wp\/wp-content\/uploads\/2018\/12\/IMG_6820-1-768x768.jpg 768w, https:\/\/www.sportomokykla.lt\/vrssm\/wp\/wp-content\/uploads\/2018\/12\/IMG_6820-1-1024x1024.jpg 1024w, https:\/\/www.sportomokykla.lt\/vrssm\/wp\/wp-content\/uploads\/2018\/12\/IMG_6820-1.jpg 1200w\" sizes=\"auto, (max-width: 150px) 100vw, 150px\" \/><\/a>\n\t\t\t<\/div><\/figure><figure class='gallery-item'>\n\t\t\t<div class='gallery-icon landscape'>\n\t\t\t\t<a href='https:\/\/www.sportomokykla.lt\/vrssm\/wp\/wp-content\/uploads\/2018\/12\/IMG_6822-1.jpg'><img loading=\"lazy\" decoding=\"async\" width=\"150\" height=\"150\" src=\"https:\/\/www.sportomokykla.lt\/vrssm\/wp\/wp-content\/uploads\/2018\/12\/IMG_6822-1-150x150.jpg\" class=\"attachment-thumbnail size-thumbnail\" alt=\"\" srcset=\"https:\/\/www.sportomokykla.lt\/vrssm\/wp\/wp-content\/uploads\/2018\/12\/IMG_6822-1-150x150.jpg 150w, https:\/\/www.sportomokykla.lt\/vrssm\/wp\/wp-content\/uploads\/2018\/12\/IMG_6822-1-300x300.jpg 300w, https:\/\/www.sportomokykla.lt\/vrssm\/wp\/wp-content\/uploads\/2018\/12\/IMG_6822-1-768x768.jpg 768w, https:\/\/www.sportomokykla.lt\/vrssm\/wp\/wp-content\/uploads\/2018\/12\/IMG_6822-1-1024x1024.jpg 1024w, https:\/\/www.sportomokykla.lt\/vrssm\/wp\/wp-content\/uploads\/2018\/12\/IMG_6822-1.jpg 1200w\" sizes=\"auto, (max-width: 150px) 100vw, 150px\" \/><\/a>\n\t\t\t<\/div><\/figure><figure class='gallery-item'>\n\t\t\t<div class='gallery-icon portrait'>\n\t\t\t\t<a href='https:\/\/www.sportomokykla.lt\/vrssm\/wp\/wp-content\/uploads\/2018\/12\/IMG_6835-1.jpg'><img loading=\"lazy\" decoding=\"async\" width=\"150\" height=\"150\" src=\"https:\/\/www.sportomokykla.lt\/vrssm\/wp\/wp-content\/uploads\/2018\/12\/IMG_6835-1-150x150.jpg\" class=\"attachment-thumbnail size-thumbnail\" alt=\"\" srcset=\"https:\/\/www.sportomokykla.lt\/vrssm\/wp\/wp-content\/uploads\/2018\/12\/IMG_6835-1-150x150.jpg 150w, https:\/\/www.sportomokykla.lt\/vrssm\/wp\/wp-content\/uploads\/2018\/12\/IMG_6835-1-300x300.jpg 300w, https:\/\/www.sportomokykla.lt\/vrssm\/wp\/wp-content\/uploads\/2018\/12\/IMG_6835-1-768x769.jpg 768w, https:\/\/www.sportomokykla.lt\/vrssm\/wp\/wp-content\/uploads\/2018\/12\/IMG_6835-1-1024x1024.jpg 1024w, https:\/\/www.sportomokykla.lt\/vrssm\/wp\/wp-content\/uploads\/2018\/12\/IMG_6835-1.jpg 1200w\" sizes=\"auto, (max-width: 150px) 100vw, 150px\" \/><\/a>\n\t\t\t<\/div><\/figure><figure class='gallery-item'>\n\t\t\t<div class='gallery-icon landscape'>\n\t\t\t\t<a href='https:\/\/www.sportomokykla.lt\/vrssm\/wp\/wp-content\/uploads\/2018\/12\/IMG_6838-1.jpg'><img loading=\"lazy\" decoding=\"async\" width=\"150\" height=\"150\" src=\"https:\/\/www.sportomokykla.lt\/vrssm\/wp\/wp-content\/uploads\/2018\/12\/IMG_6838-1-150x150.jpg\" class=\"attachment-thumbnail size-thumbnail\" alt=\"\" srcset=\"https:\/\/www.sportomokykla.lt\/vrssm\/wp\/wp-content\/uploads\/2018\/12\/IMG_6838-1-150x150.jpg 150w, https:\/\/www.sportomokykla.lt\/vrssm\/wp\/wp-content\/uploads\/2018\/12\/IMG_6838-1-300x300.jpg 300w, https:\/\/www.sportomokykla.lt\/vrssm\/wp\/wp-content\/uploads\/2018\/12\/IMG_6838-1-768x768.jpg 768w, https:\/\/www.sportomokykla.lt\/vrssm\/wp\/wp-content\/uploads\/2018\/12\/IMG_6838-1-1024x1024.jpg 1024w, https:\/\/www.sportomokykla.lt\/vrssm\/wp\/wp-content\/uploads\/2018\/12\/IMG_6838-1.jpg 1200w\" sizes=\"auto, (max-width: 150px) 100vw, 150px\" \/><\/a>\n\t\t\t<\/div><\/figure><figure class='gallery-item'>\n\t\t\t<div class='gallery-icon landscape'>\n\t\t\t\t<a href='https:\/\/www.sportomokykla.lt\/vrssm\/wp\/wp-content\/uploads\/2018\/12\/IMG_6844-1.jpg'><img loading=\"lazy\" decoding=\"async\" width=\"150\" height=\"150\" src=\"https:\/\/www.sportomokykla.lt\/vrssm\/wp\/wp-content\/uploads\/2018\/12\/IMG_6844-1-150x150.jpg\" class=\"attachment-thumbnail size-thumbnail\" alt=\"\" srcset=\"https:\/\/www.sportomokykla.lt\/vrssm\/wp\/wp-content\/uploads\/2018\/12\/IMG_6844-1-150x150.jpg 150w, https:\/\/www.sportomokykla.lt\/vrssm\/wp\/wp-content\/uploads\/2018\/12\/IMG_6844-1-300x300.jpg 300w, https:\/\/www.sportomokykla.lt\/vrssm\/wp\/wp-content\/uploads\/2018\/12\/IMG_6844-1-768x768.jpg 768w, https:\/\/www.sportomokykla.lt\/vrssm\/wp\/wp-content\/uploads\/2018\/12\/IMG_6844-1-1024x1024.jpg 1024w, https:\/\/www.sportomokykla.lt\/vrssm\/wp\/wp-content\/uploads\/2018\/12\/IMG_6844-1.jpg 1200w\" sizes=\"auto, (max-width: 150px) 100vw, 150px\" \/><\/a>\n\t\t\t<\/div><\/figure>\n\t\t<\/div>\n\n","protected":false},"excerpt":{"rendered":"<p>W dniach 19-20 grudnia biatloni\u015bci rejonu wile\u0144skiego startowali na mi\u0119dzynarodowych zawodach w biatlonie w Obertilliach (Austria), Les Rousses (Francja) i Nove Mesto na Morave (Czechy). Karol D\u0105browski startowa\u0142 w 3 edycji Pucharu \u015awiata w czeskim Nove Mesto na Morave w sprincie na 10 km. Staruj\u0105c w gronie najsilniejszych biatlonist\u00f3w \u015bwiata Karol dobrze rozpocz\u0105\u0142 wy\u015bcig, na [&hellip;]<\/p>\n","protected":false},"author":1,"featured_media":6265,"comment_status":"closed","ping_status":"closed","sticky":false,"template":"","format":"standard","meta":{"footnotes":""},"categories":[7,105],"tags":[],"class_list":["post-6266","post","type-post","status-publish","format-standard","has-post-thumbnail","hentry","category-aktualia","category-puchary"],"_links":{"self":[{"href":"https:\/\/www.sportomokykla.lt\/index.php?rest_route=\/wp\/v2\/posts\/6266","targetHints":{"allow":["GET"]}}],"collection":[{"href":"https:\/\/www.sportomokykla.lt\/index.php?rest_route=\/wp\/v2\/posts"}],"about":[{"href":"https:\/\/www.sportomokykla.lt\/index.php?rest_route=\/wp\/v2\/types\/post"}],"author":[{"embeddable":true,"href":"https:\/\/www.sportomokykla.lt\/index.php?rest_route=\/wp\/v2\/users\/1"}],"replies":[{"embeddable":true,"href":"https:\/\/www.sportomokykla.lt\/index.php?rest_route=%2Fwp%2Fv2%2Fcomments&post=6266"}],"version-history":[{"count":1,"href":"https:\/\/www.sportomokykla.lt\/index.php?rest_route=\/wp\/v2\/posts\/6266\/revisions"}],"predecessor-version":[{"id":6275,"href":"https:\/\/www.sportomokykla.lt\/index.php?rest_route=\/wp\/v2\/posts\/6266\/revisions\/6275"}],"wp:featuredmedia":[{"embeddable":true,"href":"https:\/\/www.sportomokykla.lt\/index.php?rest_route=\/wp\/v2\/media\/6265"}],"wp:attachment":[{"href":"https:\/\/www.sportomokykla.lt\/index.php?rest_route=%2Fwp%2Fv2%2Fmedia&parent=6266"}],"wp:term":[{"taxonomy":"category","embeddable":true,"href":"https:\/\/www.sportomokykla.lt\/index.php?rest_route=%2Fwp%2Fv2%2Fcategories&post=6266"},{"taxonomy":"post_tag","embeddable":true,"href":"https:\/\/www.sportomokykla.lt\/index.php?rest_route=%2Fwp%2Fv2%2Ftags&post=6266"}],"curies":[{"name":"wp","href":"https:\/\/api.w.org\/{rel}","templated":true}]}}