{"id":6504,"date":"2019-02-13T13:08:48","date_gmt":"2019-02-13T11:08:48","guid":{"rendered":"http:\/\/www.sportomokykla.lt\/?p=6504"},"modified":"2019-02-13T13:08:48","modified_gmt":"2019-02-13T11:08:48","slug":"sportowcy-rejonu-wilenskiego-na-europejskim-mlodziezowym-festiwalu-olimpijskim-w-bosni-i-hercegowinie","status":"publish","type":"post","link":"https:\/\/www.sportomokykla.lt\/?p=6504&lang=pl","title":{"rendered":"Sportowcy rejonu Wile\u0144skiego na Europejskim M\u0142odzie\u017cowym Festiwalu Olimpijskim w Bo\u015bni i Hercegowinie"},"content":{"rendered":"<p>W dniach 9-16 lutego w stolicy Bo\u015bni i Hercegowiny Sarajewo odbywa si\u0119 Europejski M\u0142odzie\u017cowy Festiwal Olimpijski, w kt\u00f3rym bierze udzia\u0142 prawie 1500 sportowc\u00f3w z 50 pa\u0144stw Europy, rywalizuj\u0105cych w 8 dyscyplinach sportowych. W festiwalu tak\u017ce bior\u0105 udzia\u0142 przedstawiciele rejonu Wile\u0144skiego, wychowankowie Szko\u0142y Sportowej Samorz\u0105du Rejonu Wile\u0144skiego: Sara Urumowa, Emila Siawro, Romuald Aleksandrow i trener kadry biatlonist\u00f3w Marian Kaczanowski.<\/p>\n<p>9 lutego po przekazaniu dla delegacji Litwy flagi pa\u0144stwowej i po\u017cegnaniu przez Korneli\u0119 Tiesnesyte \u2013 kierownika departamentu Kultury Fizycznej i Sportu Litwy lotem Wilno-Stambu\u0142-Sarajewo p\u00f3\u017anym wieczorem przybyli\u015bmy do hotelu \u201eHollywood\u201d. Nast\u0119pnego dnia narciarze i biatloni\u015bci mieli treningi na swoich obiektach sportowych, zapoznali si\u0119 z trasami, na kt\u00f3rych odb\u0119d\u0105 si\u0119 rywalizacje. Wieczorem na stadionie odby\u0142o si\u0119 uroczyste otwarcie Igrzysk \u201eEYOF 2019\u201d w Sarajewie. Otwarcie Igrzysk wywo\u0142a\u0142o du\u017ce zainteresowanie w\u015br\u00f3d mieszka\u0144c\u00f3w Sarajewa, kt\u00f3rych zebra\u0142o si\u0119 ponad 25 tysi\u0119cy. Wspania\u0142e otwarcie zaprezentowali gospodarze Igrzysk, kt\u00f3re zako\u0144czy\u0142o si\u0119 pi\u0119knym pokazem fajerwerk\u00f3w.<\/p>\n<p>Same miasto Sarajewo budzi r\u00f3\u017cne wra\u017cenia \u2013 nowoczesne zabudowania, murowane domki i budowane z gliny, du\u017co starych zabudowa\u0144 ze \u015bladami trzyletniej wojny z lat 1992-1995, w kt\u00f3rej zgin\u0119\u0142o prawie 200 tys. os\u00f3b i ponad 2,5 milion\u00f3w uchod\u017ac\u00f3w.<\/p>\n<p>Pierwsz\u0105 na starcie stan\u0119\u0142a narciarka Emilia Siawro w wy\u015bcigu na 7,5 km stylem klasycznym. Pogoda w tym dniu by\u0142a bardzo zmienna \u2013 z rana pada\u0142 deszcz, kt\u00f3ry zmieni\u0142 si\u0119 na \u015bnieg, a po obiedzie zacz\u0119\u0142o tak sypa\u0107, \u017ce gospodarze nie mogli poradzi\u0107 z zaistnia\u0142\u0105 sytuacj\u0105. Biatloni\u015bci zostali zasypani \u015bniegiem w miejscowo\u015bci Dvoriszka, ponad 3 godziny marzli, czekaj\u0105c a\u017c drogowcy od\u015bnie\u017c\u0105 drog\u0119 i dojad\u0105 autokary. Sara Urumowa przezi\u0119bi\u0142a si\u0119 i na jutro startowa\u0142a z temperatur\u0105. Emilia Siawro w trudnych warunkach wykaza\u0142a si\u0119 z najlepszej strony i na mecie zaj\u0119\u0142a 70 miejsce, pokonuj\u0105c 7,5 km za 35 min. 10,3 sek. 12 lutego Emilia rywalizowa\u0142a na dystansie 5 km stylem dowolnym. Emilia dystans pokona\u0142a za 19 min.01,3 sek. i na mecie zaj\u0119\u0142a 72 miejsce.<\/p>\n<p>Biatloni\u015bci rywalizowali w sprincie ze strzelaniem le\u017c\u0105c + stoj\u0105c, gdzie za ka\u017cdy niecelny strza\u0142 mieli do pokonania karn\u0105 rund\u0119 150 m d\u0142ugo\u015bci. Dla biatlonist\u00f3w dzie\u0144 rozpocz\u0105\u0142 si\u0119 nie najlepiej \u2013 obfite opady \u015bniegu przez ca\u0142\u0105 noc zostawi\u0142y bez pr\u0105du obiekty sportowe w Dvoriszce i organizatorzy przenie\u015bli start na godzin\u0119 p\u00f3\u017aniej. Romualdowi Aleksandrowowi zamarz\u0142y palce r\u0105k, z powodu czego nie najlepiej strzela\u0142. Na pierwszym strzelaniu le\u017c\u0105c pope\u0142ni\u0142 dwa b\u0142\u0119dy, na drugim strzelaniu stoj\u0105c tak\u017ce pud\u0142owa\u0142 dwa razy i na mecie zaj\u0105\u0142 70 miejsce, pokonuj\u0105c 7,5 km za 29 min. 17,2 sek. Sara Urumowa mia\u0142a do pokonania 6 km Na szybkie sekundy na trasie od chorej Sary nie liczy\u0142em, ale celne strzelanie le\u017c\u0105c i tylko 1 b\u0142\u0105d na strzelaniu stoj\u0105c pozwoli\u0142y Sarze na mecie zaj\u0105\u0107 71 miejsce z wynikiem 29 min. 03,1 sek.<\/p>\n<p>13 lutego Emilia ma wolny dzie\u0144 od startu, Romuald Aleksandrow wystartuje w wy\u015bcigu indywidualnym na dystansie 12,5 km, a o mo\u017cliwo\u015bci startu Sary decyzj\u0119 podejmie lekarz delegacji.<\/p>\n<p>Wieczorem nasz\u0105 delegacj\u0119 odwiedzi\u0142a prezydent Litewskiego Narodowego Komitetu olimpijskiego Daina Gudziniewicziutie.<\/p>\n<p style=\"text-align: right;\">Marian Kaczanowski<br \/>\nDyrektor Szko\u0142y Sportowej<br \/>\nSamorz\u0105du Rejonu Wile\u0144skiego<\/p>\n<div id='gallery-1' class='gallery galleryid-6504 gallery-columns-3 gallery-size-thumbnail'><figure class='gallery-item'>\n\t\t\t<div class='gallery-icon landscape'>\n\t\t\t\t<a href='https:\/\/www.sportomokykla.lt\/vrssm\/wp\/wp-content\/uploads\/2019\/02\/IMG_7127.jpg'><img loading=\"lazy\" decoding=\"async\" width=\"150\" height=\"150\" src=\"https:\/\/www.sportomokykla.lt\/vrssm\/wp\/wp-content\/uploads\/2019\/02\/IMG_7127-150x150.jpg\" class=\"attachment-thumbnail size-thumbnail\" alt=\"\" srcset=\"https:\/\/www.sportomokykla.lt\/vrssm\/wp\/wp-content\/uploads\/2019\/02\/IMG_7127-150x150.jpg 150w, https:\/\/www.sportomokykla.lt\/vrssm\/wp\/wp-content\/uploads\/2019\/02\/IMG_7127-300x300.jpg 300w, https:\/\/www.sportomokykla.lt\/vrssm\/wp\/wp-content\/uploads\/2019\/02\/IMG_7127-768x768.jpg 768w, https:\/\/www.sportomokykla.lt\/vrssm\/wp\/wp-content\/uploads\/2019\/02\/IMG_7127-1024x1024.jpg 1024w, https:\/\/www.sportomokykla.lt\/vrssm\/wp\/wp-content\/uploads\/2019\/02\/IMG_7127.jpg 1200w\" sizes=\"auto, (max-width: 150px) 100vw, 150px\" \/><\/a>\n\t\t\t<\/div><\/figure><figure class='gallery-item'>\n\t\t\t<div class='gallery-icon landscape'>\n\t\t\t\t<a href='https:\/\/www.sportomokykla.lt\/vrssm\/wp\/wp-content\/uploads\/2019\/02\/IMG_7158.jpg'><img loading=\"lazy\" decoding=\"async\" width=\"150\" height=\"150\" src=\"https:\/\/www.sportomokykla.lt\/vrssm\/wp\/wp-content\/uploads\/2019\/02\/IMG_7158-150x150.jpg\" class=\"attachment-thumbnail size-thumbnail\" alt=\"\" srcset=\"https:\/\/www.sportomokykla.lt\/vrssm\/wp\/wp-content\/uploads\/2019\/02\/IMG_7158-150x150.jpg 150w, https:\/\/www.sportomokykla.lt\/vrssm\/wp\/wp-content\/uploads\/2019\/02\/IMG_7158-300x300.jpg 300w, https:\/\/www.sportomokykla.lt\/vrssm\/wp\/wp-content\/uploads\/2019\/02\/IMG_7158-768x768.jpg 768w, https:\/\/www.sportomokykla.lt\/vrssm\/wp\/wp-content\/uploads\/2019\/02\/IMG_7158-1024x1024.jpg 1024w, https:\/\/www.sportomokykla.lt\/vrssm\/wp\/wp-content\/uploads\/2019\/02\/IMG_7158.jpg 1200w\" sizes=\"auto, (max-width: 150px) 100vw, 150px\" \/><\/a>\n\t\t\t<\/div><\/figure><figure class='gallery-item'>\n\t\t\t<div class='gallery-icon landscape'>\n\t\t\t\t<a href='https:\/\/www.sportomokykla.lt\/vrssm\/wp\/wp-content\/uploads\/2019\/02\/IMG_7172.jpg'><img loading=\"lazy\" decoding=\"async\" width=\"150\" height=\"150\" src=\"https:\/\/www.sportomokykla.lt\/vrssm\/wp\/wp-content\/uploads\/2019\/02\/IMG_7172-150x150.jpg\" class=\"attachment-thumbnail size-thumbnail\" alt=\"\" \/><\/a>\n\t\t\t<\/div><\/figure><figure class='gallery-item'>\n\t\t\t<div class='gallery-icon landscape'>\n\t\t\t\t<a href='https:\/\/www.sportomokykla.lt\/vrssm\/wp\/wp-content\/uploads\/2019\/02\/IMG_7191.jpg'><img loading=\"lazy\" decoding=\"async\" width=\"150\" height=\"150\" src=\"https:\/\/www.sportomokykla.lt\/vrssm\/wp\/wp-content\/uploads\/2019\/02\/IMG_7191-150x150.jpg\" class=\"attachment-thumbnail size-thumbnail\" alt=\"\" \/><\/a>\n\t\t\t<\/div><\/figure><figure class='gallery-item'>\n\t\t\t<div class='gallery-icon landscape'>\n\t\t\t\t<a href='https:\/\/www.sportomokykla.lt\/vrssm\/wp\/wp-content\/uploads\/2019\/02\/IMG_7212.jpg'><img loading=\"lazy\" decoding=\"async\" width=\"150\" height=\"150\" src=\"https:\/\/www.sportomokykla.lt\/vrssm\/wp\/wp-content\/uploads\/2019\/02\/IMG_7212-150x150.jpg\" class=\"attachment-thumbnail size-thumbnail\" alt=\"\" srcset=\"https:\/\/www.sportomokykla.lt\/vrssm\/wp\/wp-content\/uploads\/2019\/02\/IMG_7212-150x150.jpg 150w, https:\/\/www.sportomokykla.lt\/vrssm\/wp\/wp-content\/uploads\/2019\/02\/IMG_7212-300x300.jpg 300w, https:\/\/www.sportomokykla.lt\/vrssm\/wp\/wp-content\/uploads\/2019\/02\/IMG_7212-768x768.jpg 768w, https:\/\/www.sportomokykla.lt\/vrssm\/wp\/wp-content\/uploads\/2019\/02\/IMG_7212-1024x1024.jpg 1024w, https:\/\/www.sportomokykla.lt\/vrssm\/wp\/wp-content\/uploads\/2019\/02\/IMG_7212.jpg 1200w\" sizes=\"auto, (max-width: 150px) 100vw, 150px\" \/><\/a>\n\t\t\t<\/div><\/figure><figure class='gallery-item'>\n\t\t\t<div class='gallery-icon landscape'>\n\t\t\t\t<a href='https:\/\/www.sportomokykla.lt\/vrssm\/wp\/wp-content\/uploads\/2019\/02\/received_795089764200282.jpg'><img loading=\"lazy\" decoding=\"async\" width=\"150\" height=\"150\" src=\"https:\/\/www.sportomokykla.lt\/vrssm\/wp\/wp-content\/uploads\/2019\/02\/received_795089764200282-150x150.jpg\" class=\"attachment-thumbnail size-thumbnail\" alt=\"\" \/><\/a>\n\t\t\t<\/div><\/figure>\n\t\t<\/div>\n\n","protected":false},"excerpt":{"rendered":"<p>W dniach 9-16 lutego w stolicy Bo\u015bni i Hercegowiny Sarajewo odbywa si\u0119 Europejski M\u0142odzie\u017cowy Festiwal Olimpijski, w kt\u00f3rym bierze udzia\u0142 prawie 1500 sportowc\u00f3w z 50 pa\u0144stw Europy, rywalizuj\u0105cych w 8 dyscyplinach sportowych. W festiwalu tak\u017ce bior\u0105 udzia\u0142 przedstawiciele rejonu Wile\u0144skiego, wychowankowie Szko\u0142y Sportowej Samorz\u0105du Rejonu Wile\u0144skiego: Sara Urumowa, Emila Siawro, Romuald Aleksandrow i trener kadry [&hellip;]<\/p>\n","protected":false},"author":1,"featured_media":6505,"comment_status":"closed","ping_status":"closed","sticky":false,"template":"","format":"standard","meta":{"footnotes":""},"categories":[7,99],"tags":[],"class_list":["post-6504","post","type-post","status-publish","format-standard","has-post-thumbnail","hentry","category-aktualia","category-festywale"],"_links":{"self":[{"href":"https:\/\/www.sportomokykla.lt\/index.php?rest_route=\/wp\/v2\/posts\/6504","targetHints":{"allow":["GET"]}}],"collection":[{"href":"https:\/\/www.sportomokykla.lt\/index.php?rest_route=\/wp\/v2\/posts"}],"about":[{"href":"https:\/\/www.sportomokykla.lt\/index.php?rest_route=\/wp\/v2\/types\/post"}],"author":[{"embeddable":true,"href":"https:\/\/www.sportomokykla.lt\/index.php?rest_route=\/wp\/v2\/users\/1"}],"replies":[{"embeddable":true,"href":"https:\/\/www.sportomokykla.lt\/index.php?rest_route=%2Fwp%2Fv2%2Fcomments&post=6504"}],"version-history":[{"count":2,"href":"https:\/\/www.sportomokykla.lt\/index.php?rest_route=\/wp\/v2\/posts\/6504\/revisions"}],"predecessor-version":[{"id":6513,"href":"https:\/\/www.sportomokykla.lt\/index.php?rest_route=\/wp\/v2\/posts\/6504\/revisions\/6513"}],"wp:featuredmedia":[{"embeddable":true,"href":"https:\/\/www.sportomokykla.lt\/index.php?rest_route=\/wp\/v2\/media\/6505"}],"wp:attachment":[{"href":"https:\/\/www.sportomokykla.lt\/index.php?rest_route=%2Fwp%2Fv2%2Fmedia&parent=6504"}],"wp:term":[{"taxonomy":"category","embeddable":true,"href":"https:\/\/www.sportomokykla.lt\/index.php?rest_route=%2Fwp%2Fv2%2Fcategories&post=6504"},{"taxonomy":"post_tag","embeddable":true,"href":"https:\/\/www.sportomokykla.lt\/index.php?rest_route=%2Fwp%2Fv2%2Ftags&post=6504"}],"curies":[{"name":"wp","href":"https:\/\/api.w.org\/{rel}","templated":true}]}}