{"id":6578,"date":"2019-02-21T14:57:45","date_gmt":"2019-02-21T12:57:45","guid":{"rendered":"http:\/\/www.sportomokykla.lt\/?p=6578"},"modified":"2019-02-21T16:18:40","modified_gmt":"2019-02-21T14:18:40","slug":"kwiaty-dla-karola-dabrowskiego-na-otwartych-biatlonowych-mistrzostwach-europy-w-raubiczach","status":"publish","type":"post","link":"https:\/\/www.sportomokykla.lt\/?p=6578&lang=pl","title":{"rendered":"Kwiaty dla Karola D\u0105browskiego na Otwartych Biatlonowych Mistrzostwach Europy w Raubiczach"},"content":{"rendered":"<p>W dniach 20-24 lutego w stolicy Bia\u0142orusi odbywaj\u0105 si\u0119 Otwarte Mistrzostwa Europy w biatlonie. W zawodach wzi\u0119li udzia\u0142 przedstawiciele 34 pa\u0144stw \u015bwiata, w tym Ameryki, Kanady, Japonii i Chin.<\/p>\n<p>W pierwszym dniu zawod\u00f3w, 20 lutego, biatloni\u015bci rywalizowali w wy\u015bcigu indywidualnym ze strzelaniem le\u017c\u0105c + stoj\u0105c + le\u017c\u0105c + stoj\u0105c, gdzie za ka\u017cdy niecelny strza\u0142 do czasu pokonania dystansu dodawano po 1 karnej minucie. Niemenczynianin Karol D\u0105browski dobrze rozpocz\u0105\u0142 zmagania, szybko \u015blizgn\u0105\u0142 na nartach. Po pokonaniu 1,6 km Karol zajmowa\u0142 13 miejsce, ust\u0119puj\u0105c dla Norwega Tarjei Boe 9,6 sek. Na pierwszym strzelaniu le\u017c\u0105c K. D\u0105browski by\u0142 bezb\u0142\u0119dny i zajmowa\u0142 10 miejsce, ust\u0119puj\u0105c dla lidera 37 sek. si\u0119gaj\u0105cy 7 m\/s porywisty wiatr przeszkadza\u0142 biatlonistom w celnym strzelaniu, a najbardziej w pozycji stoj\u0105c. Pierwsze 3 strza\u0142y na drugim strzelaniu Karol odda\u0142 celnie, a potem prawie 10 sek. czeka\u0142 a\u017c ucichnie wiatr i wtedy szybko i celnie wystrzeli\u0142 pozosta\u0142e dwa. Po drugim strzelaniu Karol zajmowa\u0142 ju\u017c 4 miejsce, ze strat\u0105 1 min. 32 sek. do T. Boe. Na trzecim strzelaniu le\u017c\u0105c wszystkie strza\u0142y trafi\u0142y do tarcz i K. D\u0105browski podni\u00f3s\u0142 si\u0119 jeszcze o jedn\u0105 pozycj\u0119, trac\u0105c do lidera 1 min. 20 sek. i zostaj\u0105c jednym z dw\u00f3ch zawodnik\u00f3w, kt\u00f3remu uda\u0142o si\u0119 trafi\u0107 15 strza\u0142\u00f3w. Przed ostatnim strzelaniem Karol podni\u00f3s\u0142 si\u0119 a\u017c na 2 miejsce, trac\u0105c do lidera 1 min. 39 sek. Ostatnie strzelanie stoj\u0105c nie by\u0142o tak dobre \u2013 pierwsze 2 strza\u0142y nie trafi\u0142y do tarcz, a tylko 3 ostatnie dotar\u0142y do celu, co przekre\u015bli\u0142o szans\u0119 na zdobycie medalu Mistrzostw Europy w biatlonie. Ostatnie 4 km do mety Niemenczynianin, zawdzi\u0119czaj\u0105c dobrej fizycznej kondycji, ni\u00f3s\u0142 si\u0119 jak burza rozumiej\u0105c, \u017ce jest szansa na trafienie do grona 10 najlepszych, a ch\u0119tnych by\u0142o a\u017c 104 biatlonist\u00f3w. Polak z Wile\u0144szczyzny wyprzedzi\u0142 kilku rywali i na mecie zaj\u0105\u0142 6 miejsce, trafiaj\u0105c do ceremonii dekorowania kwiatami w\u015br\u00f3d nagradzanej sz\u00f3stki biatlonist\u00f3w. Karol D\u0105browski 20 km pokona\u0142 za 55 min. 34,6 sek. (2 karne minuty). Deiwid Demkow zaj\u0105\u0142 80 miejsce z czasem 1 godz. 04 min. 37,7 sek. (4 k. min.). \u0141ukas Jakieliunas uplasowa\u0142 si\u0119 na 97 pozycji z czasem 1 godz. 09 min. 06,0 sek. (10 k. min.). Zwyci\u0119\u017cy\u0142 Krasimir Aniew z Bu\u0142garii z wynikiem 53 min. 18,1 sek. (1 k. min.).<\/p>\n<p>Gratulujemy Karolowi i \u017cyczymy kolejnych sukces\u00f3w.<\/p>\n<p style=\"text-align: right;\">Marian Kaczanowski<br \/>\nDyrektor Szko\u0142y Sportowej<br \/>\nSamorz\u0105du Rejonu Wile\u0144skiego<\/p>\n<div id='gallery-1' class='gallery galleryid-6578 gallery-columns-1 gallery-size-large'><figure class='gallery-item'>\n\t\t\t<div class='gallery-icon landscape'>\n\t\t\t\t<a href='https:\/\/www.sportomokykla.lt\/vrssm\/wp\/wp-content\/uploads\/2019\/02\/Karol-Dombrovski-Raubi\u010di-1.jpg'><img loading=\"lazy\" decoding=\"async\" width=\"1024\" height=\"509\" src=\"https:\/\/www.sportomokykla.lt\/vrssm\/wp\/wp-content\/uploads\/2019\/02\/Karol-Dombrovski-Raubi\u010di-1-1024x509.jpg\" class=\"attachment-large size-large\" alt=\"\" srcset=\"https:\/\/www.sportomokykla.lt\/vrssm\/wp\/wp-content\/uploads\/2019\/02\/Karol-Dombrovski-Raubi\u010di-1-1024x509.jpg 1024w, https:\/\/www.sportomokykla.lt\/vrssm\/wp\/wp-content\/uploads\/2019\/02\/Karol-Dombrovski-Raubi\u010di-1-300x149.jpg 300w, https:\/\/www.sportomokykla.lt\/vrssm\/wp\/wp-content\/uploads\/2019\/02\/Karol-Dombrovski-Raubi\u010di-1-768x382.jpg 768w, https:\/\/www.sportomokykla.lt\/vrssm\/wp\/wp-content\/uploads\/2019\/02\/Karol-Dombrovski-Raubi\u010di-1.jpg 1200w\" sizes=\"auto, (max-width: 1024px) 100vw, 1024px\" \/><\/a>\n\t\t\t<\/div><\/figure>\n\t\t<\/div>\n\n<p>Foto: archiwum, Facebook.com\/LietuvosBiatlonoFederacija:<\/p>\n<div id='gallery-2' class='gallery galleryid-6578 gallery-columns-3 gallery-size-thumbnail'><figure class='gallery-item'>\n\t\t\t<div class='gallery-icon portrait'>\n\t\t\t\t<a href='https:\/\/www.sportomokykla.lt\/vrssm\/wp\/wp-content\/uploads\/2019\/02\/52491625_2021356747919901_2918171729190715392_o-1.jpg'><img loading=\"lazy\" decoding=\"async\" width=\"150\" height=\"150\" src=\"https:\/\/www.sportomokykla.lt\/vrssm\/wp\/wp-content\/uploads\/2019\/02\/52491625_2021356747919901_2918171729190715392_o-1-150x150.jpg\" class=\"attachment-thumbnail size-thumbnail\" alt=\"\" \/><\/a>\n\t\t\t<\/div><\/figure><figure class='gallery-item'>\n\t\t\t<div class='gallery-icon portrait'>\n\t\t\t\t<a href='https:\/\/www.sportomokykla.lt\/vrssm\/wp\/wp-content\/uploads\/2019\/02\/52466046_2021356681253241_5428527848245690368_o-1.jpg'><img loading=\"lazy\" decoding=\"async\" width=\"150\" height=\"150\" src=\"https:\/\/www.sportomokykla.lt\/vrssm\/wp\/wp-content\/uploads\/2019\/02\/52466046_2021356681253241_5428527848245690368_o-1-150x150.jpg\" class=\"attachment-thumbnail size-thumbnail\" alt=\"\" \/><\/a>\n\t\t\t<\/div><\/figure><figure class='gallery-item'>\n\t\t\t<div class='gallery-icon landscape'>\n\t\t\t\t<a href='https:\/\/www.sportomokykla.lt\/vrssm\/wp\/wp-content\/uploads\/2019\/02\/52889883_2021271521261757_8625861731438034944_o-1.jpg'><img loading=\"lazy\" decoding=\"async\" width=\"150\" height=\"150\" src=\"https:\/\/www.sportomokykla.lt\/vrssm\/wp\/wp-content\/uploads\/2019\/02\/52889883_2021271521261757_8625861731438034944_o-1-150x150.jpg\" class=\"attachment-thumbnail size-thumbnail\" alt=\"\" \/><\/a>\n\t\t\t<\/div><\/figure>\n\t\t<\/div>\n\n","protected":false},"excerpt":{"rendered":"<p>W dniach 20-24 lutego w stolicy Bia\u0142orusi odbywaj\u0105 si\u0119 Otwarte Mistrzostwa Europy w biatlonie. W zawodach wzi\u0119li udzia\u0142 przedstawiciele 34 pa\u0144stw \u015bwiata, w tym Ameryki, Kanady, Japonii i Chin. W pierwszym dniu zawod\u00f3w, 20 lutego, biatloni\u015bci rywalizowali w wy\u015bcigu indywidualnym ze strzelaniem le\u017c\u0105c + stoj\u0105c + le\u017c\u0105c + stoj\u0105c, gdzie za ka\u017cdy niecelny strza\u0142 do [&hellip;]<\/p>\n","protected":false},"author":1,"featured_media":6575,"comment_status":"closed","ping_status":"closed","sticky":false,"template":"","format":"standard","meta":{"footnotes":""},"categories":[7,50],"tags":[],"class_list":["post-6578","post","type-post","status-publish","format-standard","has-post-thumbnail","hentry","category-aktualia","category-mistrzostwa"],"_links":{"self":[{"href":"https:\/\/www.sportomokykla.lt\/index.php?rest_route=\/wp\/v2\/posts\/6578","targetHints":{"allow":["GET"]}}],"collection":[{"href":"https:\/\/www.sportomokykla.lt\/index.php?rest_route=\/wp\/v2\/posts"}],"about":[{"href":"https:\/\/www.sportomokykla.lt\/index.php?rest_route=\/wp\/v2\/types\/post"}],"author":[{"embeddable":true,"href":"https:\/\/www.sportomokykla.lt\/index.php?rest_route=\/wp\/v2\/users\/1"}],"replies":[{"embeddable":true,"href":"https:\/\/www.sportomokykla.lt\/index.php?rest_route=%2Fwp%2Fv2%2Fcomments&post=6578"}],"version-history":[{"count":6,"href":"https:\/\/www.sportomokykla.lt\/index.php?rest_route=\/wp\/v2\/posts\/6578\/revisions"}],"predecessor-version":[{"id":6589,"href":"https:\/\/www.sportomokykla.lt\/index.php?rest_route=\/wp\/v2\/posts\/6578\/revisions\/6589"}],"wp:featuredmedia":[{"embeddable":true,"href":"https:\/\/www.sportomokykla.lt\/index.php?rest_route=\/wp\/v2\/media\/6575"}],"wp:attachment":[{"href":"https:\/\/www.sportomokykla.lt\/index.php?rest_route=%2Fwp%2Fv2%2Fmedia&parent=6578"}],"wp:term":[{"taxonomy":"category","embeddable":true,"href":"https:\/\/www.sportomokykla.lt\/index.php?rest_route=%2Fwp%2Fv2%2Fcategories&post=6578"},{"taxonomy":"post_tag","embeddable":true,"href":"https:\/\/www.sportomokykla.lt\/index.php?rest_route=%2Fwp%2Fv2%2Ftags&post=6578"}],"curies":[{"name":"wp","href":"https:\/\/api.w.org\/{rel}","templated":true}]}}