{"id":7098,"date":"2019-04-10T15:54:28","date_gmt":"2019-04-10T12:54:28","guid":{"rendered":"http:\/\/www.sportomokykla.lt\/?p=7098"},"modified":"2019-04-10T15:55:33","modified_gmt":"2019-04-10T12:55:33","slug":"dobry-start-biegaczy-rejonu-wilenskiego-na-polmaratonie-zywieckim","status":"publish","type":"post","link":"https:\/\/www.sportomokykla.lt\/?p=7098&lang=pl","title":{"rendered":"Dobry start biegaczy rejonu wile\u0144skiego na p\u00f3\u0142maratonie \u017cywieckim"},"content":{"rendered":"<p>W dniu 7 kwietnia w ramach wsp\u00f3\u0142pracy Samorz\u0105du Rejonu Wile\u0144skiego z Powiatem \u017bywieckim grupa biegaczy Rejonu Wile\u0144skiego wzi\u0119\u0142a udzia\u0142 w jubileuszowym XX P\u00f3\u0142maratonie dooko\u0142a Jeziora \u017bywieckiego o Puchar Starosty \u017bywieckiego.<\/p>\n<p>W dzie\u0144 zawod\u00f3w by\u0142o ciep\u0142o, s\u0142onecznie, a w centrum miasta, gdzie mia\u0142 si\u0119 odby\u0107 start \u2013 weso\u0142o i gwarliwie. Organizatorzy mogli si\u0119 cieszy\u0107 nie tylko du\u017c\u0105 ilo\u015bci\u0105 \u2013 1629 uczestnik\u00f3w na mecie, lecz i wielonarodowo\u015bciow\u0105 geografi\u0105 uczestnik\u00f3w biegu. By\u0142o pono\u0107 sporo marato\u0144czyk\u00f3w z Ukrainy, Czech, Niemiec, S\u0142owacji, W\u0119gier, Litwy, i kilku bardzo silnych marato\u0144czyk\u00f3w z Kenii, kt\u00f3rzy zrobili ostr\u0105 konkurencj\u0119 biegaczom z Polski i Ukrainy. Przyjemna wiosenna dobra do biegania pogoda oraz wspania\u0142y nastr\u00f3j sportowc\u00f3w zapewnia\u0142 dobry przebieg imprezy. Na starcie p\u00f3\u0142maratonu 21 km 975 m wyszeregowa\u0142o si\u0119 prawie 1700 biegaczy, w tym reprezentanci Litwy: Ernest Lelis, Jaros\u0142aw Smolski, Jaros\u0142aw Siemaszko, Robert Bartusewicz i Witautas Gra\u017cis. O 11 godz. biegacze ruszyli na tras\u0119 p\u00f3\u0142maratonu, kt\u00f3rzy po pokonaniu niedu\u017cego ronda na Rynku \u017bywieckim wyruszyli na tras\u0119, prowadz\u0105c\u0105 dooko\u0142a Jeziora \u017bywieckiego, na kt\u00f3rej mo\u017cna by\u0142o podziwia\u0107 o\u015bnie\u017cone szczyty Beskid\u00f3w \u017bywieckiego, \u015al\u0105skiego i Ma\u0142ego.<\/p>\n<p>Pierwsze kilometry p\u00f3\u0142maratonu prowadzi\u0142y po r\u00f3wninie, przez nowy most po drodze do Bielsko \u2013 Bia\u0142ej i by\u0142y odno\u015bnie \u0142atwe. Reprezentanci Rejonu Wile\u0144skiego biegli w czo\u0142\u00f3wce, prowadzenie natomiast obj\u0119li silni biegacze z Kenii. Od sz\u00f3stego kilometra trasa prowadzi\u0142a przez pag\u00f3rkowaty teren i biegaczom by\u0142o coraz trudniej pokonywa\u0107 d\u0142ugie podbiegi. Ernestas Lelis, Jaros\u0142aw Smolski i Witautas Gra\u017cis mocno rozpocz\u0119li bieg i po pokonaniu 5 km biegli w czo\u0142\u00f3wce. Po pokonaniu 10 km Witautas Gra\u017cis zajmowa\u0142 15 miejsce, E. Lelis \u2013 23, a J. Smolski \u2013 25. \u00a0Najlepiej na dystansie 21 km 975 m wyst\u0105pi\u0142 Ernestas Lelis zajmuj\u0105c 11 miejsce w kategorii OPEN i 4. w kategorii M-20 (do lat 30), pokonuj\u0105c dystans za 1 godz. 19 min. 31 sek. Zaj\u0119te miejsce okaza\u0142o si\u0119 udane, gdy\u017c zosta\u0142o wyr\u00f3\u017cnione nagrod\u0105 rzeczow\u0105 przez organizator\u00f3w przysz\u0142ego \u201eFortuna Biegu\u201d w Cieszynie. Witautas Gra\u017cis ostatnie kilometry pobieg\u0142 mocno i na mecie by\u0142 20-ty, pokonuj\u0105c dystans za 1 h 20 min. 26 sek. W kategorii wiekowej M-50 Witautas zaj\u0105\u0142 3 miejsce, zdobywaj\u0105c puchar i nagrod\u0119 rzeczow\u0105. Jaros\u0142aw Smolski dystans pokona\u0142 za 1 h 23 min. 08 sek. i zaj\u0105\u0142 14 miejsce w kategorii wiekowej M-30. Jaros\u0142aw Siemaszko finiszowa\u0142 z wynikiem 1 h 25 min. 14 sek. i by\u0142 13 w kategorii M-20. Robert Bartusewicz dystans pokona\u0142 za 1 h 25 min. 47 sek. i zaj\u0105\u0142 15 miejsce w kategorii wiekowej M-20. Zwyci\u0119zcami p\u00f3\u0142maratonu zostali Kenijczyk Tonui Evans Kipnoetch z czasem 1 h 08 min. 17 sek. oraz Chemutai Joyline z Kenii z czasem \u2013 1 h 19 min. 29 sek.<\/p>\n<p>Po po\u0142udniu w centrum miasta przed starostwem odby\u0142o si\u0119 uroczyste nagrodzenie zwyci\u0119zc\u00f3w. W kategorii \u201eOpen\u201d m\u0119\u017cczyzn i kobiet medali\u015bci zostali uhonorowani pucharami, nagrodami rzeczowymi i pieni\u0119\u017cnymi. Dru\u017cyna Szko\u0142y Sportowej Samorz\u0105du Rejonu Wile\u0144skiego zosta\u0142a wyr\u00f3\u017cniona Pucharem Starosty \u017bywieckiego \u201eDla najlepszej ekipy zagranicznej\u201d. Nagrody zwyci\u0119zcom wr\u0119czyli Stanis\u0142aw Szwed, Minister Rodziny, Pracy i Polityki Spo\u0142ecznej; pos\u0142owie na sejm Kazimierz Matuszny i Andrzej So\u015bnierz; Andrzej Kalata, starosta \u017bywiecki oraz Antoni Szlagor, Burmistrz miasta \u017bywca oraz Miros\u0142aw Dziergas, dyrektor biegu.<\/p>\n<p>W imieniu ekipy z Litwy i osobi\u015bcie chc\u0119 podzi\u0119kowa\u0107 Staro\u015bcie Powiatu \u017bywieckiego Andrzejowi Kalacie za zaproszenie na zawody, dyrektorowi biegu Miros\u0142awowi Dziergasowi za tre\u015bciwy pobyt i opiek\u0119 nad nasz\u0105 ekip\u0105 w \u017bywcu.<\/p>\n<p style=\"text-align: right;\">Marian Kaczanowski<br \/>\nDyrektor Szko\u0142y Sportowej<br \/>\nSamorz\u0105du Rejonu Wile\u0144skiego<\/p>\n<div id='gallery-1' class='gallery galleryid-7098 gallery-columns-4 gallery-size-thumbnail'><figure class='gallery-item'>\n\t\t\t<div class='gallery-icon landscape'>\n\t\t\t\t<a href='https:\/\/www.sportomokykla.lt\/vrssm\/wp\/wp-content\/uploads\/2019\/04\/56444306_2109893569118111_8045044151424647168_o-1.jpg'><img loading=\"lazy\" decoding=\"async\" width=\"150\" height=\"150\" src=\"https:\/\/www.sportomokykla.lt\/vrssm\/wp\/wp-content\/uploads\/2019\/04\/56444306_2109893569118111_8045044151424647168_o-1-150x150.jpg\" class=\"attachment-thumbnail size-thumbnail\" alt=\"\" \/><\/a>\n\t\t\t<\/div><\/figure><figure class='gallery-item'>\n\t\t\t<div class='gallery-icon landscape'>\n\t\t\t\t<a href='https:\/\/www.sportomokykla.lt\/vrssm\/wp\/wp-content\/uploads\/2019\/04\/56472436_2109899655784169_2561492029745922048_o-1.jpg'><img loading=\"lazy\" decoding=\"async\" width=\"150\" height=\"150\" src=\"https:\/\/www.sportomokykla.lt\/vrssm\/wp\/wp-content\/uploads\/2019\/04\/56472436_2109899655784169_2561492029745922048_o-1-150x150.jpg\" class=\"attachment-thumbnail size-thumbnail\" alt=\"\" \/><\/a>\n\t\t\t<\/div><\/figure><figure class='gallery-item'>\n\t\t\t<div class='gallery-icon landscape'>\n\t\t\t\t<a href='https:\/\/www.sportomokykla.lt\/vrssm\/wp\/wp-content\/uploads\/2019\/04\/56521048_2109899989117469_5688241986604105728_o-1.jpg'><img loading=\"lazy\" decoding=\"async\" width=\"150\" height=\"150\" src=\"https:\/\/www.sportomokykla.lt\/vrssm\/wp\/wp-content\/uploads\/2019\/04\/56521048_2109899989117469_5688241986604105728_o-1-150x150.jpg\" class=\"attachment-thumbnail size-thumbnail\" alt=\"\" \/><\/a>\n\t\t\t<\/div><\/figure><figure class='gallery-item'>\n\t\t\t<div class='gallery-icon landscape'>\n\t\t\t\t<a href='https:\/\/www.sportomokykla.lt\/vrssm\/wp\/wp-content\/uploads\/2019\/04\/56582239_2109892985784836_5352972815093989376_o-1.jpg'><img loading=\"lazy\" decoding=\"async\" width=\"150\" height=\"150\" src=\"https:\/\/www.sportomokykla.lt\/vrssm\/wp\/wp-content\/uploads\/2019\/04\/56582239_2109892985784836_5352972815093989376_o-1-150x150.jpg\" class=\"attachment-thumbnail size-thumbnail\" alt=\"\" \/><\/a>\n\t\t\t<\/div><\/figure><figure class='gallery-item'>\n\t\t\t<div class='gallery-icon landscape'>\n\t\t\t\t<a href='https:\/\/www.sportomokykla.lt\/vrssm\/wp\/wp-content\/uploads\/2019\/04\/56691316_2109899025784232_3492478697129115648_o-1.jpg'><img loading=\"lazy\" decoding=\"async\" width=\"150\" height=\"150\" src=\"https:\/\/www.sportomokykla.lt\/vrssm\/wp\/wp-content\/uploads\/2019\/04\/56691316_2109899025784232_3492478697129115648_o-1-150x150.jpg\" class=\"attachment-thumbnail size-thumbnail\" alt=\"\" \/><\/a>\n\t\t\t<\/div><\/figure><figure class='gallery-item'>\n\t\t\t<div class='gallery-icon landscape'>\n\t\t\t\t<a href='https:\/\/www.sportomokykla.lt\/vrssm\/wp\/wp-content\/uploads\/2019\/04\/56691333_2109892475784887_5347842274795454464_o-1.jpg'><img loading=\"lazy\" decoding=\"async\" width=\"150\" height=\"150\" src=\"https:\/\/www.sportomokykla.lt\/vrssm\/wp\/wp-content\/uploads\/2019\/04\/56691333_2109892475784887_5347842274795454464_o-1-150x150.jpg\" class=\"attachment-thumbnail size-thumbnail\" alt=\"\" \/><\/a>\n\t\t\t<\/div><\/figure><figure class='gallery-item'>\n\t\t\t<div class='gallery-icon landscape'>\n\t\t\t\t<a href='https:\/\/www.sportomokykla.lt\/vrssm\/wp\/wp-content\/uploads\/2019\/04\/56899666_2109899445784190_5902793611837177856_o-1.jpg'><img loading=\"lazy\" decoding=\"async\" width=\"150\" height=\"150\" src=\"https:\/\/www.sportomokykla.lt\/vrssm\/wp\/wp-content\/uploads\/2019\/04\/56899666_2109899445784190_5902793611837177856_o-1-150x150.jpg\" class=\"attachment-thumbnail size-thumbnail\" alt=\"\" \/><\/a>\n\t\t\t<\/div><\/figure><figure class='gallery-item'>\n\t\t\t<div class='gallery-icon landscape'>\n\t\t\t\t<a href='https:\/\/www.sportomokykla.lt\/vrssm\/wp\/wp-content\/uploads\/2019\/04\/57114752_2109893335784801_1436580742770458624_o-1.jpg'><img loading=\"lazy\" decoding=\"async\" width=\"150\" height=\"150\" src=\"https:\/\/www.sportomokykla.lt\/vrssm\/wp\/wp-content\/uploads\/2019\/04\/57114752_2109893335784801_1436580742770458624_o-1-150x150.jpg\" class=\"attachment-thumbnail size-thumbnail\" alt=\"\" \/><\/a>\n\t\t\t<\/div><\/figure>\n\t\t<\/div>\n\n<p><strong>Zdj\u0119cia:<\/strong><\/p>\n<p><span style=\"color: #0000ff;\"><a style=\"color: #0000ff;\" href=\"https:\/\/www.facebook.com\/P%C3%B3%C5%82maraton-%C5%BBywiecki-137324973041657\/?epa=SEARCH_BOX\">https:\/\/www.facebook.com\/P%C3%B3%C5%82maraton-%C5%BBywiecki-137324973041657\/?epa=SEARCH_BOX<\/a><\/span><\/p>\n","protected":false},"excerpt":{"rendered":"<p>W dniu 7 kwietnia w ramach wsp\u00f3\u0142pracy Samorz\u0105du Rejonu Wile\u0144skiego z Powiatem \u017bywieckim grupa biegaczy Rejonu Wile\u0144skiego wzi\u0119\u0142a udzia\u0142 w jubileuszowym XX P\u00f3\u0142maratonie dooko\u0142a Jeziora \u017bywieckiego o Puchar Starosty \u017bywieckiego. W dzie\u0144 zawod\u00f3w by\u0142o ciep\u0142o, s\u0142onecznie, a w centrum miasta, gdzie mia\u0142 si\u0119 odby\u0107 start \u2013 weso\u0142o i gwarliwie. Organizatorzy mogli si\u0119 cieszy\u0107 nie tylko [&hellip;]<\/p>\n","protected":false},"author":1,"featured_media":7095,"comment_status":"closed","ping_status":"closed","sticky":false,"template":"","format":"standard","meta":{"footnotes":""},"categories":[7,12],"tags":[],"class_list":["post-7098","post","type-post","status-publish","format-standard","has-post-thumbnail","hentry","category-aktualia","category-zawody"],"_links":{"self":[{"href":"https:\/\/www.sportomokykla.lt\/index.php?rest_route=\/wp\/v2\/posts\/7098","targetHints":{"allow":["GET"]}}],"collection":[{"href":"https:\/\/www.sportomokykla.lt\/index.php?rest_route=\/wp\/v2\/posts"}],"about":[{"href":"https:\/\/www.sportomokykla.lt\/index.php?rest_route=\/wp\/v2\/types\/post"}],"author":[{"embeddable":true,"href":"https:\/\/www.sportomokykla.lt\/index.php?rest_route=\/wp\/v2\/users\/1"}],"replies":[{"embeddable":true,"href":"https:\/\/www.sportomokykla.lt\/index.php?rest_route=%2Fwp%2Fv2%2Fcomments&post=7098"}],"version-history":[{"count":2,"href":"https:\/\/www.sportomokykla.lt\/index.php?rest_route=\/wp\/v2\/posts\/7098\/revisions"}],"predecessor-version":[{"id":7109,"href":"https:\/\/www.sportomokykla.lt\/index.php?rest_route=\/wp\/v2\/posts\/7098\/revisions\/7109"}],"wp:featuredmedia":[{"embeddable":true,"href":"https:\/\/www.sportomokykla.lt\/index.php?rest_route=\/wp\/v2\/media\/7095"}],"wp:attachment":[{"href":"https:\/\/www.sportomokykla.lt\/index.php?rest_route=%2Fwp%2Fv2%2Fmedia&parent=7098"}],"wp:term":[{"taxonomy":"category","embeddable":true,"href":"https:\/\/www.sportomokykla.lt\/index.php?rest_route=%2Fwp%2Fv2%2Fcategories&post=7098"},{"taxonomy":"post_tag","embeddable":true,"href":"https:\/\/www.sportomokykla.lt\/index.php?rest_route=%2Fwp%2Fv2%2Ftags&post=7098"}],"curies":[{"name":"wp","href":"https:\/\/api.w.org\/{rel}","templated":true}]}}