{"id":7208,"date":"2019-04-28T10:42:47","date_gmt":"2019-04-28T07:42:47","guid":{"rendered":"http:\/\/www.sportomokykla.lt\/?p=7208"},"modified":"2019-04-30T12:30:45","modified_gmt":"2019-04-30T09:30:45","slug":"netrukus-startuos-tradicinis-tarptautinis-mtb-dviraciu-maratonas-willia","status":"publish","type":"post","link":"https:\/\/www.sportomokykla.lt\/?p=7208&lang=lt","title":{"rendered":"Netrukus startuos tradicinis Tarptautinis MTB dvira\u010di\u0173 maratonas \u201eWilia\u201c"},"content":{"rendered":"<div>\n<p><strong>Gegu\u017e\u0117s 1 d., 11 val., Nemen\u010din\u0117je, Vetrung\u0117s g. 1, startuos tradicinis Tarptautinis MTB dvira\u010di\u0173 maratonas \u201eWilia\u201c<\/strong>, kuris ne tik skatina dvira\u010di\u0173 sport\u0105, populiarina \u012fdomias dvira\u010di\u0173 trasas ir mar\u0161rutus, bet ir propaguoja sveik\u0105 gyvenimo b\u016bd\u0105 bei kvie\u010dia \u0161eimas sporti\u0161kai praleisti sekmadien\u012f.<\/p>\n<p>Maratone savo j\u0117gas i\u0161bandyti kvie\u010diami visi dvira\u010di\u0173 sporto entuziastai, u\u017esiregistrav\u0119 internetiniame puslapyje\u00a0<span style=\"color: #0000ff;\"><strong><a style=\"color: #0000ff;\" href=\"http:\/\/www.maratonykresowe.pl\/\">www.maratonykresowe.pl<\/a><\/strong><\/span>\u00a0bei u\u017epild\u0119 parai\u0161kos form\u0105\u00a0<strong><span style=\"color: #0000ff;\"><a style=\"color: #0000ff;\" href=\"http:\/\/maratonykresowe.pl\/?page_id=1777\">http:\/\/maratonykresowe.pl\/?page_id=1777<\/a><\/span>.<\/strong><\/p>\n<p>Atkreipiame d\u0117mes\u012f, kad yra starto mokestis.<\/p>\n<p>D\u0117l papildomos informacijos galite kreiptis \u012f Vilniaus rajono savivaldyb\u0117s sporto mokykl\u0105 tel. <strong>8 5 237 14 39<\/strong>, el. p.\u00a0<strong><span style=\"color: #0000ff;\"><a style=\"color: #0000ff;\" href=\"mailto:vrssportomokykla@gmail.com\">vrssportomokykla@gmail.com<\/a><\/span><\/strong>.<\/p>\n<p>Daugiau informacijos apie organizuojam\u0105 dvira\u010di\u0173 maraton\u0105 galite rasti\u00a0<a href=\"http:\/\/www.sportomokykla.lt\/vrssm\/wp\/wp-content\/uploads\/2019\/04\/TARPTAUTINIO-MTB-DVIRA\u010cI\u0172-MARATONO-\u201eWILIA\u201c-NUOSTATAI.docx\"><span style=\"color: #0000ff;\"><strong>\u010dia<\/strong><\/span><\/a><strong><a href=\"https:\/\/www.vrsa.lt\/get_file.php?file=bWFpZHEyelhscGxpa1p5a2FXV1lwcCUyRkNtNXR3bjhqUW1zYktwSlpmbDZpWm1KJTJCaW5OQ1puV25WbTJaam5HNmluTSUyRkhtbkJ1eXBabWtaZHBhMTVubFdlaGw1eHUzTU56YXJhZGVHdUluSW1kdDVoMmJvdkt1R1dxbDM5cGVXV0FiVktYaG02NG1YcGxnbXQ3WjR5YmdzZTF5M2FkJTJCcFh3WnFxZDlwYmlhVkZzZjh4Nm5MYVVlV0sybW9acWhHbUluNE9YRjJpMnh3SnR1SnA2WTN5VmVwbHpuQnR1NU1UVWtvSm5oWmVMYm9pWXRzeUptWGVZdUppaW0zcVlYbWlWWjZHWW5HN2N4bk9XblpnJTNE\">.<\/a><\/strong><\/p>\n<div id='gallery-1' class='gallery galleryid-7208 gallery-columns-1 gallery-size-medium'><figure class='gallery-item'>\n\t\t\t<div class='gallery-icon portrait'>\n\t\t\t\t<a href='https:\/\/www.sportomokykla.lt\/vrssm\/wp\/wp-content\/uploads\/2019\/04\/Maratony_Kresowe_NIemenczyn_plakat_2019_LT-1.jpg'><img loading=\"lazy\" decoding=\"async\" width=\"213\" height=\"300\" src=\"https:\/\/www.sportomokykla.lt\/vrssm\/wp\/wp-content\/uploads\/2019\/04\/Maratony_Kresowe_NIemenczyn_plakat_2019_LT-1-213x300.jpg\" class=\"attachment-medium size-medium\" alt=\"\" srcset=\"https:\/\/www.sportomokykla.lt\/vrssm\/wp\/wp-content\/uploads\/2019\/04\/Maratony_Kresowe_NIemenczyn_plakat_2019_LT-1-213x300.jpg 213w, https:\/\/www.sportomokykla.lt\/vrssm\/wp\/wp-content\/uploads\/2019\/04\/Maratony_Kresowe_NIemenczyn_plakat_2019_LT-1-768x1080.jpg 768w, https:\/\/www.sportomokykla.lt\/vrssm\/wp\/wp-content\/uploads\/2019\/04\/Maratony_Kresowe_NIemenczyn_plakat_2019_LT-1-728x1024.jpg 728w, https:\/\/www.sportomokykla.lt\/vrssm\/wp\/wp-content\/uploads\/2019\/04\/Maratony_Kresowe_NIemenczyn_plakat_2019_LT-1.jpg 1210w\" sizes=\"auto, (max-width: 213px) 100vw, 213px\" \/><\/a>\n\t\t\t<\/div><\/figure>\n\t\t<\/div>\n\n<\/div>\n","protected":false},"excerpt":{"rendered":"<p>Gegu\u017e\u0117s 1 d., 11 val., Nemen\u010din\u0117je, Vetrung\u0117s g. 1, startuos tradicinis Tarptautinis MTB dvira\u010di\u0173 maratonas \u201eWilia\u201c, kuris ne tik skatina dvira\u010di\u0173 sport\u0105, populiarina \u012fdomias dvira\u010di\u0173 trasas ir mar\u0161rutus, bet ir propaguoja sveik\u0105 gyvenimo b\u016bd\u0105 bei kvie\u010dia \u0161eimas sporti\u0161kai praleisti sekmadien\u012f. Maratone savo j\u0117gas i\u0161bandyti kvie\u010diami visi dvira\u010di\u0173 sporto entuziastai, u\u017esiregistrav\u0119 internetiniame puslapyje\u00a0www.maratonykresowe.pl\u00a0bei u\u017epild\u0119 parai\u0161kos form\u0105\u00a0http:\/\/maratonykresowe.pl\/?page_id=1777. [&hellip;]<\/p>\n","protected":false},"author":1,"featured_media":0,"comment_status":"closed","ping_status":"closed","sticky":false,"template":"","format":"standard","meta":{"footnotes":""},"categories":[1],"tags":[],"class_list":["post-7208","post","type-post","status-publish","format-standard","hentry","category-naujienos"],"_links":{"self":[{"href":"https:\/\/www.sportomokykla.lt\/index.php?rest_route=\/wp\/v2\/posts\/7208","targetHints":{"allow":["GET"]}}],"collection":[{"href":"https:\/\/www.sportomokykla.lt\/index.php?rest_route=\/wp\/v2\/posts"}],"about":[{"href":"https:\/\/www.sportomokykla.lt\/index.php?rest_route=\/wp\/v2\/types\/post"}],"author":[{"embeddable":true,"href":"https:\/\/www.sportomokykla.lt\/index.php?rest_route=\/wp\/v2\/users\/1"}],"replies":[{"embeddable":true,"href":"https:\/\/www.sportomokykla.lt\/index.php?rest_route=%2Fwp%2Fv2%2Fcomments&post=7208"}],"version-history":[{"count":7,"href":"https:\/\/www.sportomokykla.lt\/index.php?rest_route=\/wp\/v2\/posts\/7208\/revisions"}],"predecessor-version":[{"id":7243,"href":"https:\/\/www.sportomokykla.lt\/index.php?rest_route=\/wp\/v2\/posts\/7208\/revisions\/7243"}],"wp:attachment":[{"href":"https:\/\/www.sportomokykla.lt\/index.php?rest_route=%2Fwp%2Fv2%2Fmedia&parent=7208"}],"wp:term":[{"taxonomy":"category","embeddable":true,"href":"https:\/\/www.sportomokykla.lt\/index.php?rest_route=%2Fwp%2Fv2%2Fcategories&post=7208"},{"taxonomy":"post_tag","embeddable":true,"href":"https:\/\/www.sportomokykla.lt\/index.php?rest_route=%2Fwp%2Fv2%2Ftags&post=7208"}],"curies":[{"name":"wp","href":"https:\/\/api.w.org\/{rel}","templated":true}]}}