{"id":8662,"date":"2020-01-13T17:20:08","date_gmt":"2020-01-13T15:20:08","guid":{"rendered":"http:\/\/www.sportomokykla.lt\/?p=8662"},"modified":"2020-01-14T16:28:49","modified_gmt":"2020-01-14T14:28:49","slug":"udane-starty-biegaczy-rejonu-wilenskiego-na-halowych-mistrzostwach-litwy-w-wsrod-rejonow","status":"publish","type":"post","link":"https:\/\/www.sportomokykla.lt\/?p=8662&lang=pl","title":{"rendered":"Udane starty biegaczy rejonu wile\u0144skiego na halowych mistrzostwach Litwy w w\u015br\u00f3d rejon\u00f3w"},"content":{"rendered":"<p>10-11 stycznia w Szawlach odby\u0142y si\u0119 Halowe Zimowe Mistrzostwa Litwy junior\u00f3w i junior\u00f3w m\u0142odszych w grupie rejon\u00f3w. W zawodach bardzo dobrze wyst\u0105pili wychowankowie Szko\u0142y Sportowej Samorz\u0105du Rejonu Wile\u0144skiego, zdobywaj\u0105c medale w poszczeg\u00f3lnych kategoriach wiekowych.<\/p>\n<p>W pierwszym dniu zawod\u00f3w Dariusz Zabie\u0142o 600 m pokona\u0142 za 1 min. 26,13 sek. i zaj\u0105\u0142 2 miejsce, zdobywaj\u0105c srebrny medal. W grupie dziewcz\u0105t Julia Jaczun zaj\u0119\u0142a 5 miejsce z czasem\u00a0 3 min. 35,17 sek. Na dystansie 3000 m srebrne medale wywalczyli Deiwid Zakrzewski i Arijana Kotowa. Arijana dystans pokona\u0142a za 12 min. 46,62 sek., a Deiwid 3000 m pokona\u0142 za 10 min. 17,51 sek. Daniel Bartusewicz zaj\u0105\u0142 miejsce tu\u017c za podium \u2013 czwarte, pokonuj\u0105c 3000 m za\u00a0 10 min. 32,18sek.<\/p>\n<p>W drugim dniu zawod\u00f3w medale zdobywali ci, kt\u00f3rym nie powiod\u0142o si\u0119 w pierwszym starcie. Daniel Bartusewicz zdoby\u0142 srebrny medal w biegu na 2000 m z przeszkodami, pokonuj\u0105c dystans za\u00a0 6 min. 54,0 sek. Julia Jaczun 1000 m pokona\u0142a za 3 min. 35,17 sek. i zaj\u0119\u0142a 3 miejsce. Arijana Kotowa uplasowa\u0142a si\u0119 na 5 miejscu, pokonuj\u0105c dystans za 3 min. 39,73 sek. Dariusz Zabe\u0142o zdoby\u0142 drugi medal \u2013 tym razem z\u0142oty, zwyci\u0119\u017caj\u0105c na dystansie 1000 m. z wynikiem 2 min. 40,59 sek. Deiwid Zakrzewski zaj\u0105\u0142 7 miejsce, pokonuj\u0105c dystans za 3 min. 07,45 sek.<\/p>\n<p>Gratulujemy naszym biegaczom i \u017cyczymy kolejnych sukces\u00f3w.<\/p>\n<p style=\"text-align: right;\">Dyrektor Szko\u0142y Sportowej<br \/>\nSamorz\u0105du Rejonu Wile\u0144skiego<br \/>\nMarian Kaczanowski<\/p>\n<div id='gallery-1' class='gallery galleryid-8662 gallery-columns-7 gallery-size-thumbnail'><figure class='gallery-item'>\n\t\t\t<div class='gallery-icon portrait'>\n\t\t\t\t<a href='https:\/\/www.sportomokykla.lt\/vrssm\/wp\/wp-content\/uploads\/2020\/01\/IMG_20200110_172628-1.jpg'><img loading=\"lazy\" decoding=\"async\" width=\"150\" height=\"150\" src=\"https:\/\/www.sportomokykla.lt\/vrssm\/wp\/wp-content\/uploads\/2020\/01\/IMG_20200110_172628-1-150x150.jpg\" class=\"attachment-thumbnail size-thumbnail\" alt=\"\" \/><\/a>\n\t\t\t<\/div><\/figure><figure class='gallery-item'>\n\t\t\t<div class='gallery-icon portrait'>\n\t\t\t\t<a href='https:\/\/www.sportomokykla.lt\/vrssm\/wp\/wp-content\/uploads\/2020\/01\/IMG_20200110_184236-1.jpg'><img loading=\"lazy\" decoding=\"async\" width=\"150\" height=\"150\" src=\"https:\/\/www.sportomokykla.lt\/vrssm\/wp\/wp-content\/uploads\/2020\/01\/IMG_20200110_184236-1-150x150.jpg\" class=\"attachment-thumbnail size-thumbnail\" alt=\"\" \/><\/a>\n\t\t\t<\/div><\/figure><figure class='gallery-item'>\n\t\t\t<div class='gallery-icon portrait'>\n\t\t\t\t<a href='https:\/\/www.sportomokykla.lt\/vrssm\/wp\/wp-content\/uploads\/2020\/01\/IMG_20200111_125402-1.jpg'><img loading=\"lazy\" decoding=\"async\" width=\"150\" height=\"150\" src=\"https:\/\/www.sportomokykla.lt\/vrssm\/wp\/wp-content\/uploads\/2020\/01\/IMG_20200111_125402-1-150x150.jpg\" class=\"attachment-thumbnail size-thumbnail\" alt=\"\" \/><\/a>\n\t\t\t<\/div><\/figure><figure class='gallery-item'>\n\t\t\t<div class='gallery-icon portrait'>\n\t\t\t\t<a href='https:\/\/www.sportomokykla.lt\/vrssm\/wp\/wp-content\/uploads\/2020\/01\/IMG_20200111_125447-1.jpg'><img loading=\"lazy\" decoding=\"async\" width=\"150\" height=\"150\" src=\"https:\/\/www.sportomokykla.lt\/vrssm\/wp\/wp-content\/uploads\/2020\/01\/IMG_20200111_125447-1-150x150.jpg\" class=\"attachment-thumbnail size-thumbnail\" alt=\"\" \/><\/a>\n\t\t\t<\/div><\/figure><figure class='gallery-item'>\n\t\t\t<div class='gallery-icon portrait'>\n\t\t\t\t<a href='https:\/\/www.sportomokykla.lt\/vrssm\/wp\/wp-content\/uploads\/2020\/01\/received_587943801984989-1.jpg'><img loading=\"lazy\" decoding=\"async\" width=\"150\" height=\"150\" src=\"https:\/\/www.sportomokykla.lt\/vrssm\/wp\/wp-content\/uploads\/2020\/01\/received_587943801984989-1-150x150.jpg\" class=\"attachment-thumbnail size-thumbnail\" alt=\"\" \/><\/a>\n\t\t\t<\/div><\/figure><figure class='gallery-item'>\n\t\t\t<div class='gallery-icon portrait'>\n\t\t\t\t<a href='https:\/\/www.sportomokykla.lt\/vrssm\/wp\/wp-content\/uploads\/2020\/01\/received_830001250760119-1.jpg'><img loading=\"lazy\" decoding=\"async\" width=\"150\" height=\"150\" src=\"https:\/\/www.sportomokykla.lt\/vrssm\/wp\/wp-content\/uploads\/2020\/01\/received_830001250760119-1-150x150.jpg\" class=\"attachment-thumbnail size-thumbnail\" alt=\"\" \/><\/a>\n\t\t\t<\/div><\/figure><figure class='gallery-item'>\n\t\t\t<div class='gallery-icon landscape'>\n\t\t\t\t<a href='https:\/\/www.sportomokykla.lt\/vrssm\/wp\/wp-content\/uploads\/2020\/01\/received_2570753443170476-1.jpg'><img loading=\"lazy\" decoding=\"async\" width=\"150\" height=\"150\" src=\"https:\/\/www.sportomokykla.lt\/vrssm\/wp\/wp-content\/uploads\/2020\/01\/received_2570753443170476-1-150x150.jpg\" class=\"attachment-thumbnail size-thumbnail\" alt=\"\" \/><\/a>\n\t\t\t<\/div><\/figure>\n\t\t<\/div>\n\n","protected":false},"excerpt":{"rendered":"<p>10-11 stycznia w Szawlach odby\u0142y si\u0119 Halowe Zimowe Mistrzostwa Litwy junior\u00f3w i junior\u00f3w m\u0142odszych w grupie rejon\u00f3w. W zawodach bardzo dobrze wyst\u0105pili wychowankowie Szko\u0142y Sportowej Samorz\u0105du Rejonu Wile\u0144skiego, zdobywaj\u0105c medale w poszczeg\u00f3lnych kategoriach wiekowych. W pierwszym dniu zawod\u00f3w Dariusz Zabie\u0142o 600 m pokona\u0142 za 1 min. 26,13 sek. i zaj\u0105\u0142 2 miejsce, zdobywaj\u0105c srebrny medal. [&hellip;]<\/p>\n","protected":false},"author":1,"featured_media":8620,"comment_status":"closed","ping_status":"closed","sticky":false,"template":"","format":"standard","meta":{"footnotes":""},"categories":[7,50],"tags":[],"class_list":["post-8662","post","type-post","status-publish","format-standard","has-post-thumbnail","hentry","category-aktualia","category-mistrzostwa"],"_links":{"self":[{"href":"https:\/\/www.sportomokykla.lt\/index.php?rest_route=\/wp\/v2\/posts\/8662","targetHints":{"allow":["GET"]}}],"collection":[{"href":"https:\/\/www.sportomokykla.lt\/index.php?rest_route=\/wp\/v2\/posts"}],"about":[{"href":"https:\/\/www.sportomokykla.lt\/index.php?rest_route=\/wp\/v2\/types\/post"}],"author":[{"embeddable":true,"href":"https:\/\/www.sportomokykla.lt\/index.php?rest_route=\/wp\/v2\/users\/1"}],"replies":[{"embeddable":true,"href":"https:\/\/www.sportomokykla.lt\/index.php?rest_route=%2Fwp%2Fv2%2Fcomments&post=8662"}],"version-history":[{"count":1,"href":"https:\/\/www.sportomokykla.lt\/index.php?rest_route=\/wp\/v2\/posts\/8662\/revisions"}],"predecessor-version":[{"id":8670,"href":"https:\/\/www.sportomokykla.lt\/index.php?rest_route=\/wp\/v2\/posts\/8662\/revisions\/8670"}],"wp:featuredmedia":[{"embeddable":true,"href":"https:\/\/www.sportomokykla.lt\/index.php?rest_route=\/wp\/v2\/media\/8620"}],"wp:attachment":[{"href":"https:\/\/www.sportomokykla.lt\/index.php?rest_route=%2Fwp%2Fv2%2Fmedia&parent=8662"}],"wp:term":[{"taxonomy":"category","embeddable":true,"href":"https:\/\/www.sportomokykla.lt\/index.php?rest_route=%2Fwp%2Fv2%2Fcategories&post=8662"},{"taxonomy":"post_tag","embeddable":true,"href":"https:\/\/www.sportomokykla.lt\/index.php?rest_route=%2Fwp%2Fv2%2Ftags&post=8662"}],"curies":[{"name":"wp","href":"https:\/\/api.w.org\/{rel}","templated":true}]}}