{"id":8721,"date":"2020-01-24T15:48:33","date_gmt":"2020-01-24T13:48:33","guid":{"rendered":"http:\/\/www.sportomokykla.lt\/?p=8721"},"modified":"2020-01-24T15:49:01","modified_gmt":"2020-01-24T13:49:01","slug":"kolejne-punkty-karol-dabrowskiego-na-biatlonowym-pucharze-swiata-w-slowenii","status":"publish","type":"post","link":"https:\/\/www.sportomokykla.lt\/?p=8721&lang=pl","title":{"rendered":"Kolejne punkty Karol D\u0105browskiego na Biatlonowym Pucharze \u015awiata w S\u0142owenii"},"content":{"rendered":"<p>23 stycznia w biatlonowym centrum Pokljuka w S\u0142owenii najsilniejsi biatloni\u015bci \u015bwiata rywalizowali w 6 edycji Pucharu \u015awiata w biatlonie w wy\u015bcigu indywidualnym na 20 km ze strzelaniem le\u017c\u0105c + stoj\u0105c + le\u017c\u0105c+ stoj\u0105c, gdzie za ka\u017cdy niecelny strza\u0142 dodawano po minucie do czasu pokonania dystansu. Na starcie stan\u0119\u0142o 109 biatlonist\u00f3w. W zesz\u0142ym roku Karol D\u0105browski w Pokljuce w wy\u015bcigu indywidualnym uzyska\u0142 \u017cyciowy sukces na pucharach \u015bwiata, zajmuj\u0105c 25 miejsce. W tym roku tak\u017ce liczyli\u015bmy na dobry wynik w wy\u015bcigu na 20 km i Karol nas nie zawi\u00f3d\u0142.<\/p>\n<p>W tym roku gospodarze zawod\u00f3w prawie na nowo wytyczyli trasy narciarskie, mniej by\u0142o odcink\u00f3w p\u0142askich, a przewa\u017cali strome podbiegi i zjazdy z ostrymi zakr\u0119tami. Jak powiedzia\u0142 po zawodach Karol D\u0105browski: \u201eTa trasa bardziej mi podoba si\u0119 \u2013 mo\u017ce mniej techniczna, ale potrzebuj\u0105ca wi\u0119cej si\u0142y\u201d. Karol szybko pokona\u0142 pierwsze 4 km do pierwszego strzelania le\u017c\u0105c. Na pierwszym strzelaniu le\u017c\u0105c by\u0142 bezb\u0142\u0119dny i na kolejne okr\u0105\u017cenie wy\u015blizgn\u0105\u0142 na 41 pozycji ze strat\u0105 50,4 sek. Drugie strzelanie stoj\u0105c Niemenczynianin wykona\u0142 szybko, trafiaj\u0105c do wszystkich 5 tarcz i na kolejne 4 km wy\u015blizgn\u0105\u0142 na 25 pozycji ze strat\u0105 1 min. 25,2 sek. Na trzecim strzelaniu le\u017c\u0105c ostatnim strza\u0142em nie trafi\u0142 do tarczy i na kolejne okr\u0105\u017cenie wy\u015blizgn\u0105\u0142 na 39 pozycji ze strat\u0105 3 min. 12,5 sek. Podczas ostatniej wizyty na strzelnicy strzelaj\u0105c stoj\u0105c by\u0142 bezb\u0142\u0119dny i na ostatni kr\u0105g do mety wy\u015blizgn\u0105\u0142 na 32 pozycji trac\u0105c do lidera 4min. 07 sek. Karol bardzo mocno \u015blizgn\u0105\u0142 na podbiegach i na mecie zaj\u0105\u0142 33 miejsce, pokonuj\u0105c 20 km za 52 min. 43,3 sek. Karol zdoby\u0142 kolejne 8 punkt\u00f3w do generalnej klasyfikacji w tym roku, kt\u00f3re otrzymuj\u0105 40 najlepszych biatlonist\u00f3w w ka\u017cdym wy\u015bcigu, uzyskuj\u0105c najlepszy wynik w tym sezonie. Vytautas Strolia zaj\u0105\u0142 55 miejsce z wynikiem 54 min. 01,5 sek., a Tomas Kaukenas finiszowa\u0142 na 105 pozycji, pokonuj\u0105c 20 km za 1 godz. 00 min. 51,7 sek. Zwyci\u0105\u017cy\u0142 Johannes Thingnes Boe z Norwegii, pokonuj\u0105c 20 km za 47 min. 54,3 sek. na strzelnicy i nie pope\u0142niaj\u0105c ani jednego b\u0142\u0119du.<\/p>\n<p>Pozdrawiamy Karola i \u017cyczymy kolejnych sukces\u00f3w.<\/p>\n<p style=\"text-align: right;\">Dyrektor Szko\u0142y Sportowej<br \/>\nSamorz\u0105du Rejonu Wile\u0144skiego<br \/>\nMarian Kaczanowski<\/p>\n<p>&nbsp;<\/p>\n<p>Zdj\u0119cie:<\/p>\n<p><span style=\"color: #0000ff;\"> <a style=\"color: #0000ff;\" href=\"https:\/\/www.facebook.com\/LietuvosBiatlonoFederacija\/photos\/pcb.2624243364297900\/2624242754297961\/?type=3&amp;theater\">https:\/\/www.facebook.com\/LietuvosBiatlonoFederacija\/photos\/pcb.2624243364297900\/2624242754297961\/?type=3&amp;theater<\/a><\/span><\/p>\n","protected":false},"excerpt":{"rendered":"<p>23 stycznia w biatlonowym centrum Pokljuka w S\u0142owenii najsilniejsi biatloni\u015bci \u015bwiata rywalizowali w 6 edycji Pucharu \u015awiata w biatlonie w wy\u015bcigu indywidualnym na 20 km ze strzelaniem le\u017c\u0105c + stoj\u0105c + le\u017c\u0105c+ stoj\u0105c, gdzie za ka\u017cdy niecelny strza\u0142 dodawano po minucie do czasu pokonania dystansu. Na starcie stan\u0119\u0142o 109 biatlonist\u00f3w. W zesz\u0142ym roku Karol D\u0105browski [&hellip;]<\/p>\n","protected":false},"author":1,"featured_media":8718,"comment_status":"closed","ping_status":"closed","sticky":false,"template":"","format":"standard","meta":{"footnotes":""},"categories":[7,12],"tags":[],"class_list":["post-8721","post","type-post","status-publish","format-standard","has-post-thumbnail","hentry","category-aktualia","category-zawody"],"_links":{"self":[{"href":"https:\/\/www.sportomokykla.lt\/index.php?rest_route=\/wp\/v2\/posts\/8721","targetHints":{"allow":["GET"]}}],"collection":[{"href":"https:\/\/www.sportomokykla.lt\/index.php?rest_route=\/wp\/v2\/posts"}],"about":[{"href":"https:\/\/www.sportomokykla.lt\/index.php?rest_route=\/wp\/v2\/types\/post"}],"author":[{"embeddable":true,"href":"https:\/\/www.sportomokykla.lt\/index.php?rest_route=\/wp\/v2\/users\/1"}],"replies":[{"embeddable":true,"href":"https:\/\/www.sportomokykla.lt\/index.php?rest_route=%2Fwp%2Fv2%2Fcomments&post=8721"}],"version-history":[{"count":2,"href":"https:\/\/www.sportomokykla.lt\/index.php?rest_route=\/wp\/v2\/posts\/8721\/revisions"}],"predecessor-version":[{"id":8723,"href":"https:\/\/www.sportomokykla.lt\/index.php?rest_route=\/wp\/v2\/posts\/8721\/revisions\/8723"}],"wp:featuredmedia":[{"embeddable":true,"href":"https:\/\/www.sportomokykla.lt\/index.php?rest_route=\/wp\/v2\/media\/8718"}],"wp:attachment":[{"href":"https:\/\/www.sportomokykla.lt\/index.php?rest_route=%2Fwp%2Fv2%2Fmedia&parent=8721"}],"wp:term":[{"taxonomy":"category","embeddable":true,"href":"https:\/\/www.sportomokykla.lt\/index.php?rest_route=%2Fwp%2Fv2%2Fcategories&post=8721"},{"taxonomy":"post_tag","embeddable":true,"href":"https:\/\/www.sportomokykla.lt\/index.php?rest_route=%2Fwp%2Fv2%2Ftags&post=8721"}],"curies":[{"name":"wp","href":"https:\/\/api.w.org\/{rel}","templated":true}]}}